{"id":26475,"date":"2021-02-22T08:20:14","date_gmt":"2021-02-22T07:20:14","guid":{"rendered":"https:\/\/mancomun.gal\/libreoffice-writer-ii-en-el-aula-cemit-de-ames\/"},"modified":"2022-09-08T07:24:12","modified_gmt":"2022-09-08T05:24:12","slug":"libreoffice-writer-ii-en-el-aula-cemit-de-ames","status":"publish","type":"post","link":"https:\/\/mancomun.gal\/es\/libreoffice-writer-ii-en-el-aula-cemit-de-ames\/","title":{"rendered":"LibreOffice Writer II, en el aula CeMIT de Ames"},"content":{"rendered":"<p>El aula CeMIT del Concello de Ames, situada en la Casa de la Cultura de Bertamir\u00e1ns, tiene como objetivo facilitar el acceso de los vecinos y vecinas de Ames a los diferentes cursos que oferta, adem\u00e1s de disponer de un horario de Aula Abierto para que los interesados e interesadas puedan pasar a registrarte en las actividades, solicitar ayuda u otra clase de informaci\u00f3n, y usar los ordenadores.<\/p>\n<p>Desde el <strong>d\u00eda 1 hasta el 5 de marzo, de 17.30 a 19.00<\/strong>, tendr\u00e1 lugar un <a href=\"https:\/\/www.concellodeames.gal\/gl\/novas\/aula-cemit-volve-con-cursos-telematicos-para-o-primeiro-trimestre-de-2021\">curso de nivel medio\u00a0<\/a><a href=\"https:\/\/www.concellodeames.gal\/gl\/novas\/aula-cemit-volve-con-cursos-telematicos-para-o-primeiro-trimestre-de-2021\">sobre el<\/a><a href=\"https:\/\/www.concellodeames.gal\/gl\/novas\/aula-cemit-volve-con-cursos-telematicos-para-o-primeiro-trimestre-de-2021\"> procesador de textos <\/a><a href=\"https:\/\/www.concellodeames.gal\/gl\/novas\/aula-cemit-volve-con-cursos-telematicos-para-o-primeiro-trimestre-de-2021\">Writer<\/a>, donde los alumnos aprender\u00e1n a manejar campos autom\u00e1ticos, cabeceras, formatos de p\u00e1gina, FontWork, firmas digitales&#8230;<\/p>\n<h2 id=\"writer\">Writer<\/h2>\n<p><img loading=\"lazy\" decoding=\"async\" class=\"aligncenter wp-image-26670 size-medium\" src=\"https:\/\/mancomun.gal\/wp-content\/uploads\/2022\/09\/logo-writer-1-300x300.jpg\" alt=\"\" width=\"300\" height=\"300\" \/><\/p>\n<p><strong>Writer tiene todas las caracter\u00edsticas que necesitas de una herramienta moderna<\/strong>, con todas las funciones de procesamiento de textos y auto edici\u00f3n. Es bastante simple para una nota r\u00e1pida, y tambi\u00e9n potente como para crear libros completos con contenidos, esquemas, \u00edndices y m\u00e1s.<\/p>\n<h2 id=\"sobre-libreoffice\">Sobre LibreOffice<\/h2>\n<p><img loading=\"lazy\" decoding=\"async\" class=\"aligncenter wp-image-26672\" src=\"https:\/\/mancomun.gal\/wp-content\/uploads\/2022\/09\/LibreOffice-2.jpg\" alt=\"\" width=\"600\" height=\"401\" \/><\/p>\n<p><a href=\"https:\/\/es.libreoffice.org\/\">LibreOffice<\/a> es un conjunto completo de herramientas de ofim\u00e1tica disponibles libremente, que incluye un procesador de textos (Writer), hoja de c\u00e1lculo (Calc), presentaciones (Impress), base de datos (Base), dibujo vectorial (Draw) y otras herramientas.<\/p>\n<p>El formato de fichero propio de LibreOffice es OpenDocument, un formato est\u00e1ndar y abierto que est\u00e1 siendo adoptado por gobiernos de todo el mundo como formato de fichero obligatorio para la publicaci\u00f3n y aceptaci\u00f3n de documentos.<\/p>\n<p>LibreOffice tambi\u00e9n puede abrir y guardar documentos en muchos formatos diferentes, incluyendo aquellos utilizados en varias versiones de Microsoft Office.<\/p>\n<p><img loading=\"lazy\" decoding=\"async\" class=\"aligncenter wp-image-26674 size-full\" src=\"https:\/\/mancomun.gal\/wp-content\/uploads\/2022\/09\/cartel_febreiro.jpg\" alt=\"\" width=\"424\" height=\"600\" \/><\/p>\n<h2 id=\"como-anotarse-e-asistir-virtualmente\">Como anotarse y asistir virtualmente<\/h2>\n<p>Para poder inscribirse precisas de un ordenador con el software necesario, conectado a la red para poder seguir la retransmisi\u00f3n en directo desde YouTube. Este curso mezcla sesiones explicativas con pr\u00e1cticas tutorizadas para facilitar el aprendizaje.<\/p>\n<p>Para inscribirse en la actividad ser\u00e1 preciso estar registrado gratuitamente en la red CeMIT. Para m\u00e1s informaci\u00f3n o hacer la reserva puedes acceder al aula en el primer piso de la Casa de la Cultura de Bertamir\u00e1ns o ponerte en contacto a trav\u00e9s del n\u00famero tel\u00e9fono: 682 373 753 o de la direcci\u00f3n de correo electr\u00f3nico: cemit.ames@xunta.gal<\/p>\n<p><a href=\"https:\/\/www.concellodeames.gal\/gl\/novas\/aula-cemit-volve-con-cursos-telematicos-para-o-primeiro-trimestre-de-2021\">M\u00e1s informaci\u00f3n<\/a><\/p>\n","protected":false},"excerpt":{"rendered":"<p>El aula CeMIT del Concello de Ames, situada en la Casa de la Cultura de Bertamir\u00e1ns, tiene como objetivo facilitar el acceso de los vecinos y vecinas de Ames a los diferentes cursos que oferta, adem\u00e1s de disponer de un horario de Aula Abierto para que los interesados e interesadas puedan pasar a registrarte en [&hellip;]<\/p>\n","protected":false},"author":1,"featured_media":20912,"comment_status":"open","ping_status":"open","sticky":false,"template":"","format":"standard","meta":{"footnotes":""},"categories":[],"tags":[],"class_list":["post-26475","post","type-post","status-publish","format-standard","has-post-thumbnail","hentry"],"acf":[],"_links":{"self":[{"href":"https:\/\/mancomun.gal\/es\/wp-json\/wp\/v2\/posts\/26475","targetHints":{"allow":["GET"]}}],"collection":[{"href":"https:\/\/mancomun.gal\/es\/wp-json\/wp\/v2\/posts"}],"about":[{"href":"https:\/\/mancomun.gal\/es\/wp-json\/wp\/v2\/types\/post"}],"author":[{"embeddable":true,"href":"https:\/\/mancomun.gal\/es\/wp-json\/wp\/v2\/users\/1"}],"replies":[{"embeddable":true,"href":"https:\/\/mancomun.gal\/es\/wp-json\/wp\/v2\/comments?post=26475"}],"version-history":[{"count":1,"href":"https:\/\/mancomun.gal\/es\/wp-json\/wp\/v2\/posts\/26475\/revisions"}],"predecessor-version":[{"id":26476,"href":"https:\/\/mancomun.gal\/es\/wp-json\/wp\/v2\/posts\/26475\/revisions\/26476"}],"wp:featuredmedia":[{"embeddable":true,"href":"https:\/\/mancomun.gal\/es\/wp-json\/wp\/v2\/media\/20912"}],"wp:attachment":[{"href":"https:\/\/mancomun.gal\/es\/wp-json\/wp\/v2\/media?parent=26475"}],"wp:term":[{"taxonomy":"category","embeddable":true,"href":"https:\/\/mancomun.gal\/es\/wp-json\/wp\/v2\/categories?post=26475"},{"taxonomy":"post_tag","embeddable":true,"href":"https:\/\/mancomun.gal\/es\/wp-json\/wp\/v2\/tags?post=26475"}],"curies":[{"name":"wp","href":"https:\/\/api.w.org\/{rel}","templated":true}]}}