{"id":26505,"date":"2021-02-24T08:11:01","date_gmt":"2021-02-24T07:11:01","guid":{"rendered":"https:\/\/mancomun.gal\/conversaciones-sobre-derechos-digitales-y-conocimiento-libre\/"},"modified":"2022-09-08T07:34:33","modified_gmt":"2022-09-08T05:34:33","slug":"conversaciones-sobre-derechos-digitales-y-conocimiento-libre","status":"publish","type":"post","link":"https:\/\/mancomun.gal\/es\/conversaciones-sobre-derechos-digitales-y-conocimiento-libre\/","title":{"rendered":"Conversaciones sobre derechos digitales y conocimiento libre"},"content":{"rendered":"<p><a href=\"https:\/\/www.wikimedia.es\/2021\/02\/02\/regulacion-del-ecosistema-digital-y-conocimiento-libre\/\">Wikimedia Espa\u00f1a <\/a>arranca el a\u00f1o 2021 con una serie de conversaciones sobre derechos digitales y conocimiento libre. En cada entrevista analizan algunos de los retos en materia de pol\u00edticas p\u00fablicas junto a una persona referente en materia de derechos humanos en el \u00e1mbito digital.<\/p>\n<h2 id=\"conversaci\u00f3ns-sobre-dereitos-dixitais\">Conversaciones sobre derechos digitales<\/h2>\n<p><img loading=\"lazy\" decoding=\"async\" class=\"aligncenter size-full wp-image-26713\" src=\"https:\/\/mancomun.gal\/wp-content\/uploads\/2022\/09\/charla-01.jpg\" alt=\"\" width=\"800\" height=\"455\" \/><\/p>\n<p>En la primera conversaci\u00f3n, Virginia D\u00edez (Responsable de Comunicaci\u00f3n y Pol\u00edticas P\u00fablicas en WMES) <strong>entrevista a Diego Naranjo (Director de Pol\u00edticas P\u00fablicas en eDri).<\/strong><\/p>\n<p>Diego explica lo que hace eDri, la red europea para la defensa de los derechos digitales y qu\u00e9 se entiende por derechos digitales. Durante la entrevista se explican algunos conceptos importantes para la defensa de los derechos humanos en el entorno digital.<\/p>\n<p><img loading=\"lazy\" decoding=\"async\" class=\"aligncenter size-full wp-image-26715\" src=\"https:\/\/mancomun.gal\/wp-content\/uploads\/2022\/09\/charla-02.jpg\" alt=\"\" width=\"800\" height=\"460\" \/><\/p>\n<p>En esta segunda entrevista, <strong>Virginia D\u00edez habla con Ariadna Matas (Asesora de pol\u00edticas en Europeana)<\/strong>. Europeana es una organizaci\u00f3n con foco en la defensa del dominio p\u00fablico. Ariadna explica, en esta entrevista, como surge la propiedad intelectual y cu\u00e1les son las tensiones existentes entre derechos de autor\u00eda y derechos de acceso al conocimiento. Ariadna hace un repaso a las oportunidades y amenazas que supone esta transposici\u00f3n para la cultura libre.<\/p>\n<p>Pod\u00e9is acceder al listado completo de reproducci\u00f3n de las charlas en formato v\u00eddeo en este enlace:<br \/>\n<a href=\"https:\/\/www.youtube.com\/playlist?list=PLj1KaaNn92UIe8YApHQcV4vcYTg191Ci2\">https:\/\/www.youtube.com\/playlist?list=PLj1KaaNn92UIe8YApHQcV4vcYTg191Ci2<\/a><\/p>\n<p><a href=\"https:\/\/www.wikimedia.es\/2021\/02\/11\/derechos-de-autoria-y-acceso-al-conocimiento\/\">M\u00e1s informaci\u00f3n<\/a><\/p>\n","protected":false},"excerpt":{"rendered":"<p>Wikimedia Espa\u00f1a arranca el a\u00f1o 2021 con una serie de conversaciones sobre derechos digitales y conocimiento libre. En cada entrevista analizan algunos de los retos en materia de pol\u00edticas p\u00fablicas junto a una persona referente en materia de derechos humanos en el \u00e1mbito digital. Conversaciones sobre derechos digitales En la primera conversaci\u00f3n, Virginia D\u00edez (Responsable [&hellip;]<\/p>\n","protected":false},"author":1,"featured_media":20949,"comment_status":"open","ping_status":"open","sticky":false,"template":"","format":"standard","meta":{"footnotes":""},"categories":[],"tags":[],"class_list":["post-26505","post","type-post","status-publish","format-standard","has-post-thumbnail","hentry"],"acf":[],"_links":{"self":[{"href":"https:\/\/mancomun.gal\/es\/wp-json\/wp\/v2\/posts\/26505","targetHints":{"allow":["GET"]}}],"collection":[{"href":"https:\/\/mancomun.gal\/es\/wp-json\/wp\/v2\/posts"}],"about":[{"href":"https:\/\/mancomun.gal\/es\/wp-json\/wp\/v2\/types\/post"}],"author":[{"embeddable":true,"href":"https:\/\/mancomun.gal\/es\/wp-json\/wp\/v2\/users\/1"}],"replies":[{"embeddable":true,"href":"https:\/\/mancomun.gal\/es\/wp-json\/wp\/v2\/comments?post=26505"}],"version-history":[{"count":1,"href":"https:\/\/mancomun.gal\/es\/wp-json\/wp\/v2\/posts\/26505\/revisions"}],"predecessor-version":[{"id":26506,"href":"https:\/\/mancomun.gal\/es\/wp-json\/wp\/v2\/posts\/26505\/revisions\/26506"}],"wp:featuredmedia":[{"embeddable":true,"href":"https:\/\/mancomun.gal\/es\/wp-json\/wp\/v2\/media\/20949"}],"wp:attachment":[{"href":"https:\/\/mancomun.gal\/es\/wp-json\/wp\/v2\/media?parent=26505"}],"wp:term":[{"taxonomy":"category","embeddable":true,"href":"https:\/\/mancomun.gal\/es\/wp-json\/wp\/v2\/categories?post=26505"},{"taxonomy":"post_tag","embeddable":true,"href":"https:\/\/mancomun.gal\/es\/wp-json\/wp\/v2\/tags?post=26505"}],"curies":[{"name":"wp","href":"https:\/\/api.w.org\/{rel}","templated":true}]}}