{"id":26518,"date":"2021-02-25T08:24:25","date_gmt":"2021-02-25T07:24:25","guid":{"rendered":"https:\/\/mancomun.gal\/49-mancomun-podcast-opendata-day-con-rafael-r-gaioso\/"},"modified":"2022-09-08T07:34:36","modified_gmt":"2022-09-08T05:34:36","slug":"49-mancomun-podcast-opendata-day-con-rafael-r-gaioso","status":"publish","type":"post","link":"https:\/\/mancomun.gal\/es\/49-mancomun-podcast-opendata-day-con-rafael-r-gaioso\/","title":{"rendered":"#49-Mancom\u00fan Podcast: OpenData day con Rafael R. Gaioso"},"content":{"rendered":"<p>El d\u00eda de los datos abiertos es una <strong>celebraci\u00f3n anual de los datos abiertos<\/strong> alrededor del mundo. Grupos de todo el mundo crear\u00e1n eventos locales que utilizar\u00e1n datos abiertos en sus comunidades para crear aplicaciones, visualizaciones, liberar datos o publicar an\u00e1lisis. Todos los trabajos realizados son abiertos para poder reutilizarse.<\/p>\n<p>En el D\u00eda de los datos abiertos 2021, el enfoque estar\u00e1 en cuatro \u00e1reas claves que los datos abiertos pueden ayudar a resolver:<br \/>\n&#8211; Datos ambientales<br \/>\n&#8211; Rastreo de flujos de dinero p\u00fablico<br \/>\n&#8211; Mapeo abierto<br \/>\n&#8211; Desarrollo equitativo<\/p>\n<p><img loading=\"lazy\" decoding=\"async\" class=\"aligncenter size-full wp-image-26731\" src=\"https:\/\/mancomun.gal\/wp-content\/uploads\/2022\/09\/portada-grande-2.jpg\" alt=\"\" width=\"800\" height=\"450\" \/><\/p>\n<audio class=\"wp-audio-shortcode\" id=\"audio-26518-1\" preload=\"none\" style=\"width: 100%;\" controls=\"controls\"><source type=\"audio\/mpeg\" src=\"https:\/\/www.mancomun.gal\/wp-content\/uploads\/2021\/02\/49-OpenData-day-con-Rafael-R.-Gaioso.mp3?_=1\" \/><a href=\"https:\/\/www.mancomun.gal\/wp-content\/uploads\/2021\/02\/49-OpenData-day-con-Rafael-R.-Gaioso.mp3\">https:\/\/www.mancomun.gal\/wp-content\/uploads\/2021\/02\/49-OpenData-day-con-Rafael-R.-Gaioso.mp3<\/a><\/audio>\n<p><strong>OpenData day con Rafael R. Gaioso<\/strong><\/p>\n<p>Hoy contamos con la colaboraci\u00f3n de Rafael Rodr\u00edguez Gaioso, presidente de la Asociaci\u00f3n Melisa, entidad encargada de la organizaci\u00f3n del OpenData day 2021 &#8211; A Coru\u00f1a. Con Rafa vamos a sumergirnos en este mar de datos abiertos, para intentar llegar a buen puerto.<\/p>\n<h2 id=\"enlaces-mencionados-no-programa\">Enlaces mencionados en el programa<\/h2>\n<p>OpenData Day 2021 &#8211; A Coru\u00f1a<br \/>\n<a href=\"https:\/\/odd2021acoruna.gitlab.io\/\">https:\/\/odd2021acoruna.gitlab.io\/<\/a><\/p>\n<p>Ciudades abiertas<br \/>\n<a href=\"https:\/\/cidadesabertas.gal\/\">h<\/a><a href=\"https:\/\/cidadesabertas.gal\/\">ttps:\/\/cidadesabertas.gal\/<\/a><br \/>\n<a href=\"https:\/\/ciudadesabiertas.es\/\">https:\/\/ciudadesabiertas.es\/<\/a><\/p>\n<p>Trafair<br \/>\n<a href=\"http:\/\/campusvida.usc.es\/en\/trafair-a-new-project-to-study-the-impact-of-traffic-on-air-quality\/\">http:\/\/campusvida.usc.es\/en\/trafair-a-new-project-to-study-the-impact-of-traffic-on-air-quality\/<\/a><\/p>\n<p>Datos abierto geogr\u00e1ficos (INSPIRE)<br \/>\n<a href=\"https:\/\/inspire.ec.europa.eu\/inspire-directive\/2\">https:\/\/inspire.ec.europa.eu\/inspire-directive\/2<\/a><\/p>\n<p>Directiva Europea de Datos Abiertos: \u00abOpen Data Directive\u00bb (Directive (IU) 2019\/1024) entered into fuerce on 16 July 2019<br \/>\n<a href=\"https:\/\/ec.europa.eu\/digital-single-market\/en\/european-legislation-reuse-public-sector-information\">https:\/\/ec.europa.eu\/digital-single-market\/en\/european-legislation-reuse-public-sector-information<\/a><\/p>\n<p>Personas y entidades mencionadas relacionados con la liberaci\u00f3n de datos<br \/>\n<a href=\"https:\/\/twitter.com\/lipido\">https:\/\/twitter.com\/lipido<\/a><br \/>\n<a href=\"https:\/\/twitter.com\/DadosdeLaplace\">https:\/\/twitter.com\/DadosdeLaplace<\/a><br \/>\n<a href=\"https:\/\/civio.es\/\">https:\/\/civio.es\/<\/a><\/p>\n<h2 id=\"as-m\u00fasicas-usadas-neste-programa-foron\">Las m\u00fasicas usadas en este programa han sido:<\/h2>\n<p>&#8211; Canci\u00f3n <a href=\"http:\/\/freemusicarchive.org\/music\/Timecrawler_82\/Osaka_Lights\/Street_Dancing\">\u00abStreet dancing\u00bb del grupo Timecrawler<\/a>, CC BY<br \/>\n&#8211; Canci\u00f3n \u00abLeavin The Lights\u00bb by Jason Shaw on Audionautix, CC BY 4.0<br \/>\nMusic by Jason Shaw on https:\/\/audionautix.com\/<br \/>\n&#8211; Efectos sonoros de Freesound (<a href=\"https:\/\/freesound.org\/\">https:\/\/freesound.org\/<\/a>)<\/p>\n<p>Puedes suscribirte al podcast a trav\u00e9s del feed: <a href=\"http:\/\/feeds.feedburner.com\/MancomunPodcast\">http:\/\/feeds.feedburner.com\/mancomunpodcast<\/a><\/p>\n<p>Y si quieres llevar los programas en tu tel\u00e9fono, recomendamos usar la app <a href=\"https:\/\/antennapod.org\/\">AntennaPod<\/a>. Aplicaci\u00f3n libre y gratuita con la que poder gestionar tus podcasts favoritos (podcatcher).<br \/>\nEn Mancom\u00fan apostamos por los formatos libres y abiertos, por lo tanto estos contenidos estar\u00e1n disponibles en formato Ogg y FLAC. Y tambi\u00e9n nos gusta liberar los contenidos que producimos con licencias abiertas, as\u00ed que estos programas tendr\u00e1n la licencia<strong> libre Creative Commons Atribuci\u00f3n-Compartir igual 4.0.<\/strong><br \/>\nLa m\u00fasica que usemos tambi\u00e9n estar\u00e1 bajo este tipo de licencias (Creative Commons BY el BY-SA), apostando por los creadores que comparten sus contenidos con la comunidad.<\/p>\n","protected":false},"excerpt":{"rendered":"<p>El d\u00eda de los datos abiertos es una celebraci\u00f3n anual de los datos abiertos alrededor del mundo. Grupos de todo el mundo crear\u00e1n eventos locales que utilizar\u00e1n datos abiertos en sus comunidades para crear aplicaciones, visualizaciones, liberar datos o publicar an\u00e1lisis. Todos los trabajos realizados son abiertos para poder reutilizarse. En el D\u00eda de los [&hellip;]<\/p>\n","protected":false},"author":1,"featured_media":20965,"comment_status":"open","ping_status":"open","sticky":false,"template":"","format":"standard","meta":{"footnotes":""},"categories":[],"tags":[],"class_list":["post-26518","post","type-post","status-publish","format-standard","has-post-thumbnail","hentry"],"acf":[],"_links":{"self":[{"href":"https:\/\/mancomun.gal\/es\/wp-json\/wp\/v2\/posts\/26518","targetHints":{"allow":["GET"]}}],"collection":[{"href":"https:\/\/mancomun.gal\/es\/wp-json\/wp\/v2\/posts"}],"about":[{"href":"https:\/\/mancomun.gal\/es\/wp-json\/wp\/v2\/types\/post"}],"author":[{"embeddable":true,"href":"https:\/\/mancomun.gal\/es\/wp-json\/wp\/v2\/users\/1"}],"replies":[{"embeddable":true,"href":"https:\/\/mancomun.gal\/es\/wp-json\/wp\/v2\/comments?post=26518"}],"version-history":[{"count":1,"href":"https:\/\/mancomun.gal\/es\/wp-json\/wp\/v2\/posts\/26518\/revisions"}],"predecessor-version":[{"id":26519,"href":"https:\/\/mancomun.gal\/es\/wp-json\/wp\/v2\/posts\/26518\/revisions\/26519"}],"wp:featuredmedia":[{"embeddable":true,"href":"https:\/\/mancomun.gal\/es\/wp-json\/wp\/v2\/media\/20965"}],"wp:attachment":[{"href":"https:\/\/mancomun.gal\/es\/wp-json\/wp\/v2\/media?parent=26518"}],"wp:term":[{"taxonomy":"category","embeddable":true,"href":"https:\/\/mancomun.gal\/es\/wp-json\/wp\/v2\/categories?post=26518"},{"taxonomy":"post_tag","embeddable":true,"href":"https:\/\/mancomun.gal\/es\/wp-json\/wp\/v2\/tags?post=26518"}],"curies":[{"name":"wp","href":"https:\/\/api.w.org\/{rel}","templated":true}]}}