{"id":26544,"date":"2021-03-01T08:10:06","date_gmt":"2021-03-01T07:10:06","guid":{"rendered":"https:\/\/mancomun.gal\/akademy-2021-en-junio-en-formato-online\/"},"modified":"2021-03-01T08:10:06","modified_gmt":"2021-03-01T07:10:06","slug":"akademy-2021-en-junio-en-formato-online","status":"publish","type":"post","link":"https:\/\/mancomun.gal\/es\/akademy-2021-en-junio-en-formato-online\/","title":{"rendered":"Akademy 2021, en junio en formato online"},"content":{"rendered":"<p>La Comunidad KDE anunci\u00f3 que la\u00a0<a href=\"https:\/\/akademy.kde.org\/2021\">Akademy 2021<\/a> se celebrar\u00e1 en l\u00ednea en junio. Las charlas se realizar\u00e1n el <strong>s\u00e1bado 19 y el domingo 20<\/strong>, dejando el resto de d\u00edas para el trabajo en peque\u00f1os grupos.<\/p>\n<p>Akademy es el evento de la Comunidad KDE que re\u00fane en una gran conferencia todo tipo de simpatizantes de KDE como desarrolladores, dise\u00f1adores, usuarios, traductores y promotores.<\/p>\n<p><a href=\"https:\/\/www.kdeblog.com\/akademy-2021-en-linea-se-celebrara-en-junio.html\">M\u00e1s informaci\u00f3n<\/a><\/p>\n","protected":false},"excerpt":{"rendered":"<p>La Comunidad KDE anunci\u00f3 que la\u00a0Akademy 2021 se celebrar\u00e1 en l\u00ednea en junio. Las charlas se realizar\u00e1n el s\u00e1bado 19 y el domingo 20, dejando el resto de d\u00edas para el trabajo en peque\u00f1os grupos. Akademy es el evento de la Comunidad KDE que re\u00fane en una gran conferencia todo tipo de simpatizantes de KDE [&hellip;]<\/p>\n","protected":false},"author":1,"featured_media":20999,"comment_status":"open","ping_status":"open","sticky":false,"template":"","format":"standard","meta":{"footnotes":""},"categories":[],"tags":[],"class_list":["post-26544","post","type-post","status-publish","format-standard","has-post-thumbnail","hentry"],"acf":[],"_links":{"self":[{"href":"https:\/\/mancomun.gal\/es\/wp-json\/wp\/v2\/posts\/26544","targetHints":{"allow":["GET"]}}],"collection":[{"href":"https:\/\/mancomun.gal\/es\/wp-json\/wp\/v2\/posts"}],"about":[{"href":"https:\/\/mancomun.gal\/es\/wp-json\/wp\/v2\/types\/post"}],"author":[{"embeddable":true,"href":"https:\/\/mancomun.gal\/es\/wp-json\/wp\/v2\/users\/1"}],"replies":[{"embeddable":true,"href":"https:\/\/mancomun.gal\/es\/wp-json\/wp\/v2\/comments?post=26544"}],"version-history":[{"count":0,"href":"https:\/\/mancomun.gal\/es\/wp-json\/wp\/v2\/posts\/26544\/revisions"}],"wp:featuredmedia":[{"embeddable":true,"href":"https:\/\/mancomun.gal\/es\/wp-json\/wp\/v2\/media\/20999"}],"wp:attachment":[{"href":"https:\/\/mancomun.gal\/es\/wp-json\/wp\/v2\/media?parent=26544"}],"wp:term":[{"taxonomy":"category","embeddable":true,"href":"https:\/\/mancomun.gal\/es\/wp-json\/wp\/v2\/categories?post=26544"},{"taxonomy":"post_tag","embeddable":true,"href":"https:\/\/mancomun.gal\/es\/wp-json\/wp\/v2\/tags?post=26544"}],"curies":[{"name":"wp","href":"https:\/\/api.w.org\/{rel}","templated":true}]}}