{"id":26561,"date":"2021-03-02T08:25:08","date_gmt":"2021-03-02T07:25:08","guid":{"rendered":"https:\/\/mancomun.gal\/dia-de-los-datos-abiertos-2021-a-coruna\/"},"modified":"2022-09-08T07:34:54","modified_gmt":"2022-09-08T05:34:54","slug":"dia-de-los-datos-abiertos-2021-a-coruna","status":"publish","type":"post","link":"https:\/\/mancomun.gal\/es\/dia-de-los-datos-abiertos-2021-a-coruna\/","title":{"rendered":"D\u00eda de los datos abiertos 2021 &#8211; A Coru\u00f1a"},"content":{"rendered":"<p>El pr\u00f3ximo <strong>s\u00e1bado 6 de marzo<\/strong>, se celebra el <a href=\"https:\/\/opendataday.org\/\">OpenData Day 2021<\/a> (D\u00eda de los datos abiertos) alrededor de todo el mundo.<\/p>\n<p><img loading=\"lazy\" decoding=\"async\" class=\"aligncenter size-full wp-image-26824\" src=\"https:\/\/mancomun.gal\/wp-content\/uploads\/2022\/09\/odd.jpg\" alt=\"\" width=\"800\" height=\"338\" \/><\/p>\n<h2 id=\"opendata-day\">OpenData Day<\/h2>\n<p><img loading=\"lazy\" decoding=\"async\" class=\"aligncenter size-full wp-image-26826\" src=\"https:\/\/mancomun.gal\/wp-content\/uploads\/2022\/09\/map.jpg\" alt=\"\" width=\"800\" height=\"365\" \/><\/p>\n<p>El <a href=\"https:\/\/opendataday.org\/es_es\/\">D\u00eda de los Datos Abiertos<\/a> es una celebraci\u00f3n anual de los datos abiertos alrededor del mundo, dirigido a todo tipo de p\u00fablico. Por d\u00e9cima vez en la historia, grupos de todo el mundo crear\u00e1n eventos locales que utilizar\u00e1n datos abiertos en sus comunidades para crear aplicaciones, visualizaciones, liberar datos o publicar an\u00e1lisis.<\/p>\n<p>Todos los trabajos realizados son abiertos para poder reutilizarse.<\/p>\n<p><img loading=\"lazy\" decoding=\"async\" class=\"aligncenter wp-image-26828\" src=\"https:\/\/mancomun.gal\/wp-content\/uploads\/2022\/09\/4.jpg\" alt=\"\" width=\"500\" height=\"126\" \/><\/p>\n<p>El enfoque de este a\u00f1o ser\u00e1 en <strong>cuatro \u00e1reas clave:<\/strong><br \/>\n&#8211; Datos ambientales<br \/>\n&#8211; Rastreo de flujos de dinero p\u00fablico<br \/>\n&#8211; Mapeo abierto<br \/>\n&#8211; Desarrollo equitativo<\/p>\n<h2 id=\"openddata-day-2021-a-coru\u00f1a\">OpenDdata Day 2021 &#8211; A Coru\u00f1a<\/h2>\n<p><img loading=\"lazy\" decoding=\"async\" class=\"aligncenter size-full wp-image-26830\" src=\"https:\/\/mancomun.gal\/wp-content\/uploads\/2022\/09\/odd-a-coruna.jpg\" alt=\"\" width=\"800\" height=\"270\" \/><\/p>\n<p>Uno de los eventos locales que tendr\u00e1n lugar en esta celebraci\u00f3n ser\u00e1 el <a href=\"https:\/\/odd2021acoruna.gitlab.io\/index.html\">OpenData Day 2021 &#8211; A Coru\u00f1a<\/a>, organizado por la Asociaci\u00f3n <a href=\"https:\/\/www.melisa.gal\/\">Melisa<\/a>.<\/p>\n<p>Hace unos d\u00edas contamos con la colaboraci\u00f3n de Rafael Rodr\u00edguez Gaioso, presidente de la Asociaci\u00f3n Melisa, en el podcast de Mancom\u00fan. Con \u00e9l estuvimos hablando sobre el mundo de los datos abiertos y sobre este evento local organizados por la asociaci\u00f3n. Pod\u00e9is escuchar el programa 49-Mancom\u00fan Podcast: OpenData day con Rafael R. Gaioso, en este enlace:<br \/>\n<a href=\"https:\/\/www.mancomun.gal\/es\/noticias\/49-mancomun-podcast-opendata-day-con-rafael-r-gaioso\/\">https:\/\/www.mancomun.gal\/noticias\/49-mancomun-podcast-opendata-day-con-rafael-r-gaioso\/<\/a><\/p>\n<p>Y en esta tabla pod\u00e9is ver las charlas que tendr\u00e1n lugar en el evento, adem\u00e1s de sus ponentes:<\/p>\n<p><img loading=\"lazy\" decoding=\"async\" class=\"aligncenter size-full wp-image-26832\" src=\"https:\/\/mancomun.gal\/wp-content\/uploads\/2022\/09\/taboa.jpg\" alt=\"\" width=\"800\" height=\"411\" \/><\/p>\n<p><a href=\"https:\/\/opendataday.org\/es_es\/\">M\u00e1s informaci\u00f3n<\/a><\/p>\n","protected":false},"excerpt":{"rendered":"<p>El pr\u00f3ximo s\u00e1bado 6 de marzo, se celebra el OpenData Day 2021 (D\u00eda de los datos abiertos) alrededor de todo el mundo. OpenData Day El D\u00eda de los Datos Abiertos es una celebraci\u00f3n anual de los datos abiertos alrededor del mundo, dirigido a todo tipo de p\u00fablico. Por d\u00e9cima vez en la historia, grupos de [&hellip;]<\/p>\n","protected":false},"author":1,"featured_media":21034,"comment_status":"open","ping_status":"open","sticky":false,"template":"","format":"standard","meta":{"footnotes":""},"categories":[],"tags":[],"class_list":["post-26561","post","type-post","status-publish","format-standard","has-post-thumbnail","hentry"],"acf":[],"_links":{"self":[{"href":"https:\/\/mancomun.gal\/es\/wp-json\/wp\/v2\/posts\/26561","targetHints":{"allow":["GET"]}}],"collection":[{"href":"https:\/\/mancomun.gal\/es\/wp-json\/wp\/v2\/posts"}],"about":[{"href":"https:\/\/mancomun.gal\/es\/wp-json\/wp\/v2\/types\/post"}],"author":[{"embeddable":true,"href":"https:\/\/mancomun.gal\/es\/wp-json\/wp\/v2\/users\/1"}],"replies":[{"embeddable":true,"href":"https:\/\/mancomun.gal\/es\/wp-json\/wp\/v2\/comments?post=26561"}],"version-history":[{"count":1,"href":"https:\/\/mancomun.gal\/es\/wp-json\/wp\/v2\/posts\/26561\/revisions"}],"predecessor-version":[{"id":26562,"href":"https:\/\/mancomun.gal\/es\/wp-json\/wp\/v2\/posts\/26561\/revisions\/26562"}],"wp:featuredmedia":[{"embeddable":true,"href":"https:\/\/mancomun.gal\/es\/wp-json\/wp\/v2\/media\/21034"}],"wp:attachment":[{"href":"https:\/\/mancomun.gal\/es\/wp-json\/wp\/v2\/media?parent=26561"}],"wp:term":[{"taxonomy":"category","embeddable":true,"href":"https:\/\/mancomun.gal\/es\/wp-json\/wp\/v2\/categories?post=26561"},{"taxonomy":"post_tag","embeddable":true,"href":"https:\/\/mancomun.gal\/es\/wp-json\/wp\/v2\/tags?post=26561"}],"curies":[{"name":"wp","href":"https:\/\/api.w.org\/{rel}","templated":true}]}}