{"id":26611,"date":"2021-03-08T07:59:59","date_gmt":"2021-03-08T06:59:59","guid":{"rendered":"https:\/\/mancomun.gal\/1a-cumbre-software-libre-y-educacion-organizada-por-gnu-linux-valencia\/"},"modified":"2022-09-08T07:35:13","modified_gmt":"2022-09-08T05:35:13","slug":"1a-cumbre-software-libre-y-educacion-organizada-por-gnu-linux-valencia","status":"publish","type":"post","link":"https:\/\/mancomun.gal\/es\/1a-cumbre-software-libre-y-educacion-organizada-por-gnu-linux-valencia\/","title":{"rendered":"1\u00aa Cumbre \u00abSoftware libre y educaci\u00f3n\u00bb, organizada por GNU\/Linux Valencia"},"content":{"rendered":"<p>Entre <strong>el 12 y el 14 de marzo<\/strong>, tendr\u00e1 lugar la 1\u00aa <a href=\"https:\/\/gnulinuxvalencia.org\/1a-cumbre-software-libre-y-educacion\/\">Edici\u00f3n de la Cumbre \u00abSoftware Libre y Educaci\u00f3n\u00bb<\/a>, que est\u00e1 organizando la Asociaci\u00f3n de Software Libre GNU\/Linux Val\u00e8ncia con la colaboraci\u00f3n de las Naves.<\/p>\n<h2 id=\"cume-software-libre-e-educaci\u00f3n-1\u00aa-edici\u00f3n\">Cumbre Software Libre y Educaci\u00f3n, 1\u00aa Edici\u00f3n<\/h2>\n<p><img loading=\"lazy\" decoding=\"async\" class=\"aligncenter wp-image-26904\" src=\"https:\/\/mancomun.gal\/wp-content\/uploads\/2022\/09\/Cumbre-SE.jpg\" alt=\"\" width=\"600\" height=\"314\" \/><\/p>\n<p>Con la idea de que \u00abel alumnado debe conocer las alternativas libres al Software que le rodea, as\u00ed como las razones humanitarias que lo sustentan\u00bb, la organizaci\u00f3n saca adelante estas jornadas tan interesantes. Sin olvidar tambi\u00e9n de promocionar el uso de las alternativas libres y hacer difusi\u00f3n entre el gran n\u00famero de docentes y profesores que todav\u00eda no las conocen.<\/p>\n<p>Va a contar con un invitado especial: Richard M. Stallman, fundador del movimiento del software libre, del sistema operativo GNU, de la Free Software Foundation y defensor ac\u00e9rrimo de la Cultura Libre.<\/p>\n<h2 id=\"programa\">Programa<\/h2>\n<p>Ten\u00e9is toda la informaci\u00f3n del programa en el enlace:<br \/>\n<a href=\"https:\/\/gnulinuxvalencia.org\/1a-cumbre-software-libre-y-educacion\/\">https:\/\/gnulinuxvalencia.org\/1a-cumbre-software-libre-y-educacion\/<\/a><\/p>\n<p>Viernes, a las 17.00<br \/>\n<strong>Conferencia: La era de la digitalizaci\u00f3n en las aulas<\/strong><br \/>\nConferenciante: Javier Sep\u00falveda (GNU Education, GNU\/Linux Val\u00e8ncia)<br \/>\nIdioma: Espa\u00f1ol<\/p>\n<p>S\u00e1bado, a las 17.00<br \/>\n<strong>Mesa redonda: Software Libre y Educaci\u00f3n en la Comunidad Valenciana.<\/strong><br \/>\nParticipantes: Richard M. Stallman, Baltasar Ortega, David Montalva, Raul Rodrigo, Ricardo Nutz.<br \/>\nIdioma: Espa\u00f1ol<\/p>\n<p><img loading=\"lazy\" decoding=\"async\" class=\"aligncenter wp-image-26906\" src=\"https:\/\/mancomun.gal\/wp-content\/uploads\/2022\/09\/2021.03.14-Conferencia.jpg\" alt=\"\" width=\"600\" height=\"300\" \/><\/p>\n<p>Domingo, a las 17.00<br \/>\n<strong>Conferencia: \u00c9l Software Libre, la Libertad y la Educaci\u00f3n<\/strong><br \/>\nConferenciante: Richard M. Stallman<br \/>\nIdioma: Espa\u00f1ol<\/p>\n<p>Domingo, a las 18:45<br \/>\n<strong>Richard M. Stallman presentar\u00e1 la reedici\u00f3n en espa\u00f1ol del libro \u00abSoftware para una Sociedad Libre\u00bb<\/strong><\/p>\n<p>Las charlas ser\u00e1n grabadas y colgadas para poder verse posteriormente.<\/p>\n<p><a href=\"https:\/\/gnulinuxvalencia.org\/1a-cumbre-software-libre-y-educacion\/\">M\u00e1s informaci\u00f3n<\/a><\/p>\n","protected":false},"excerpt":{"rendered":"<p>Entre el 12 y el 14 de marzo, tendr\u00e1 lugar la 1\u00aa Edici\u00f3n de la Cumbre \u00abSoftware Libre y Educaci\u00f3n\u00bb, que est\u00e1 organizando la Asociaci\u00f3n de Software Libre GNU\/Linux Val\u00e8ncia con la colaboraci\u00f3n de las Naves. Cumbre Software Libre y Educaci\u00f3n, 1\u00aa Edici\u00f3n Con la idea de que \u00abel alumnado debe conocer las alternativas libres [&hellip;]<\/p>\n","protected":false},"author":1,"featured_media":21097,"comment_status":"open","ping_status":"open","sticky":false,"template":"","format":"standard","meta":{"footnotes":""},"categories":[],"tags":[],"class_list":["post-26611","post","type-post","status-publish","format-standard","has-post-thumbnail","hentry"],"acf":[],"_links":{"self":[{"href":"https:\/\/mancomun.gal\/es\/wp-json\/wp\/v2\/posts\/26611","targetHints":{"allow":["GET"]}}],"collection":[{"href":"https:\/\/mancomun.gal\/es\/wp-json\/wp\/v2\/posts"}],"about":[{"href":"https:\/\/mancomun.gal\/es\/wp-json\/wp\/v2\/types\/post"}],"author":[{"embeddable":true,"href":"https:\/\/mancomun.gal\/es\/wp-json\/wp\/v2\/users\/1"}],"replies":[{"embeddable":true,"href":"https:\/\/mancomun.gal\/es\/wp-json\/wp\/v2\/comments?post=26611"}],"version-history":[{"count":1,"href":"https:\/\/mancomun.gal\/es\/wp-json\/wp\/v2\/posts\/26611\/revisions"}],"predecessor-version":[{"id":26612,"href":"https:\/\/mancomun.gal\/es\/wp-json\/wp\/v2\/posts\/26611\/revisions\/26612"}],"wp:featuredmedia":[{"embeddable":true,"href":"https:\/\/mancomun.gal\/es\/wp-json\/wp\/v2\/media\/21097"}],"wp:attachment":[{"href":"https:\/\/mancomun.gal\/es\/wp-json\/wp\/v2\/media?parent=26611"}],"wp:term":[{"taxonomy":"category","embeddable":true,"href":"https:\/\/mancomun.gal\/es\/wp-json\/wp\/v2\/categories?post=26611"},{"taxonomy":"post_tag","embeddable":true,"href":"https:\/\/mancomun.gal\/es\/wp-json\/wp\/v2\/tags?post=26611"}],"curies":[{"name":"wp","href":"https:\/\/api.w.org\/{rel}","templated":true}]}}