{"id":26632,"date":"2021-03-09T08:46:21","date_gmt":"2021-03-09T07:46:21","guid":{"rendered":"https:\/\/mancomun.gal\/libreoffice-calc-ii-en-el-aula-cemit-de-ames\/"},"modified":"2022-09-08T07:35:23","modified_gmt":"2022-09-08T05:35:23","slug":"libreoffice-calc-ii-en-el-aula-cemit-de-ames","status":"publish","type":"post","link":"https:\/\/mancomun.gal\/es\/libreoffice-calc-ii-en-el-aula-cemit-de-ames\/","title":{"rendered":"LibreOffice Calc II en el aula CeMIT de Ames"},"content":{"rendered":"<p>Del <strong>15 a 18 de marzo <\/strong>, de 17.00 a 19.00 horas, tendr\u00e1 lugar el curso online avanzado de ofim\u00e1tica desde el aula CeMIT de Ames <strong>\u00abHojas de c\u00e1lculo con LibreOffice Calc II &#8211; Desde casa\u00bb,<\/strong> donde se ahondar\u00e1 en el uso de las hojas de c\u00e1lculo: funci\u00f3n condicional SI, funciones anidadas, creaci\u00f3n de gr\u00e1ficas, impresi\u00f3n de las hojas de c\u00e1lculo, congelaci\u00f3n de filas y columnas, ordenar y filtrar&#8230;<\/p>\n<p><img loading=\"lazy\" decoding=\"async\" class=\"aligncenter wp-image-26935 size-medium\" src=\"https:\/\/mancomun.gal\/wp-content\/uploads\/2022\/09\/cartel_aula_cemit_portada-300x288.jpg\" alt=\"\" width=\"300\" height=\"288\" \/><\/p>\n<p>El curso cuenta con sesiones explicativas a trav\u00e9s de YouTube (lunes, martes y jueves) y tutor\u00edas voluntarias en Jitsi Meet (mi\u00e9rcoles y viernes).<\/p>\n<h2 id=\"calc\">Calc<\/h2>\n<p><img loading=\"lazy\" decoding=\"async\" class=\"aligncenter wp-image-26937 size-medium\" src=\"https:\/\/mancomun.gal\/wp-content\/uploads\/2022\/09\/calc-1-1-250x300.jpg\" alt=\"\" width=\"250\" height=\"300\" \/><\/p>\n<p>Calc es una hoja de c\u00e1lculo potente y vers\u00e1til. Quien la usa por primera vez les resulta intuitiva y f\u00e1cil de aprender. Cuenta con una amplia gama de funciones avanzadas.<\/p>\n<p><img loading=\"lazy\" decoding=\"async\" class=\"aligncenter wp-image-26939\" src=\"https:\/\/mancomun.gal\/wp-content\/uploads\/2022\/09\/calc-02.jpg\" alt=\"\" width=\"500\" height=\"281\" \/><\/p>\n<p>Calc puede guardar las hojas de c\u00e1lculo en su propio formato nativo, OpenDocument (.ods), o tambi\u00e9n puede abrir y guardar hojas de c\u00e1lculo de Microsoft Excel. Tambi\u00e9n permite exportar al formato de Documento Portable (.pdf), que se puede leer en una amplia gama de dispositivos y plataformas.<\/p>\n<h2 id=\"libreoffice\">LibreOffice<\/h2>\n<p><img loading=\"lazy\" decoding=\"async\" class=\"aligncenter wp-image-26941\" src=\"https:\/\/mancomun.gal\/wp-content\/uploads\/2022\/09\/LibreOffice-3.jpg\" alt=\"\" width=\"600\" height=\"401\" \/><\/p>\n<p>LibreOffice es un conjunto completo de herramientas de ofim\u00e1tica disponibles libremente, que incluye un procesador de textos (Writer), hoja de c\u00e1lculo (Calc), presentaciones (Impress), base de datos (Base), dibujo vectorial (Draw) y otras herramientas.<\/p>\n<p>El formato de fichero propio de LibreOffice es OpenDocument, un formato est\u00e1ndar y abierto que est\u00e1 siendo adoptado por gobiernos de todo el mundo como formato de fichero obligatorio para la publicaci\u00f3n y aceptaci\u00f3n de documentos.<\/p>\n<p>LibreOffice tambi\u00e9n puede abrir y guardar documentos en muchos formatos diferentes, incluyendo aquellos utilizados en varias versiones de Microsoft Office.<\/p>\n<h2 id=\"como-anotarse-e-asistir-virtualmente\">Como anotarse y asistir virtualmente<\/h2>\n<p>Para poder inscribirse se precisa de un ordenador con el software necesario, conectado a la red para poder seguir la retransmisi\u00f3n en directo desde YouTube. Este curso mezcla sesiones explicativas con pr\u00e1cticas tutorizadas para facilitar el aprendizaje.<\/p>\n<p>Para inscribirse en la actividad ser\u00e1 preciso estar registrado gratuitamente en la red CeMIT. Para m\u00e1s informaci\u00f3n o hacer la reserva puedes acceder al aula en el primer piso de la Casa de la Cultura de Bertamir\u00e1ns o ponerte en contacto a trav\u00e9s del n\u00famero tel\u00e9fono: 682 373 753 o de la direcci\u00f3n de correo electr\u00f3nico: cemit.ames@xunta.gal<\/p>\n<p><a href=\"https:\/\/www.concellodeames.gal\/gl\/novas\/aula-cemit-imparte-cursos-para-adultos-no-mes-de-marzo-e-un-obradoiro-infantil-en-semana-santa\">M\u00e1s informaci\u00f3n<\/a><\/p>\n","protected":false},"excerpt":{"rendered":"<p>Del 15 a 18 de marzo , de 17.00 a 19.00 horas, tendr\u00e1 lugar el curso online avanzado de ofim\u00e1tica desde el aula CeMIT de Ames \u00abHojas de c\u00e1lculo con LibreOffice Calc II &#8211; Desde casa\u00bb, donde se ahondar\u00e1 en el uso de las hojas de c\u00e1lculo: funci\u00f3n condicional SI, funciones anidadas, creaci\u00f3n de gr\u00e1ficas, [&hellip;]<\/p>\n","protected":false},"author":1,"featured_media":21128,"comment_status":"open","ping_status":"open","sticky":false,"template":"","format":"standard","meta":{"footnotes":""},"categories":[],"tags":[],"class_list":["post-26632","post","type-post","status-publish","format-standard","has-post-thumbnail","hentry"],"acf":[],"_links":{"self":[{"href":"https:\/\/mancomun.gal\/es\/wp-json\/wp\/v2\/posts\/26632","targetHints":{"allow":["GET"]}}],"collection":[{"href":"https:\/\/mancomun.gal\/es\/wp-json\/wp\/v2\/posts"}],"about":[{"href":"https:\/\/mancomun.gal\/es\/wp-json\/wp\/v2\/types\/post"}],"author":[{"embeddable":true,"href":"https:\/\/mancomun.gal\/es\/wp-json\/wp\/v2\/users\/1"}],"replies":[{"embeddable":true,"href":"https:\/\/mancomun.gal\/es\/wp-json\/wp\/v2\/comments?post=26632"}],"version-history":[{"count":1,"href":"https:\/\/mancomun.gal\/es\/wp-json\/wp\/v2\/posts\/26632\/revisions"}],"predecessor-version":[{"id":26633,"href":"https:\/\/mancomun.gal\/es\/wp-json\/wp\/v2\/posts\/26632\/revisions\/26633"}],"wp:featuredmedia":[{"embeddable":true,"href":"https:\/\/mancomun.gal\/es\/wp-json\/wp\/v2\/media\/21128"}],"wp:attachment":[{"href":"https:\/\/mancomun.gal\/es\/wp-json\/wp\/v2\/media?parent=26632"}],"wp:term":[{"taxonomy":"category","embeddable":true,"href":"https:\/\/mancomun.gal\/es\/wp-json\/wp\/v2\/categories?post=26632"},{"taxonomy":"post_tag","embeddable":true,"href":"https:\/\/mancomun.gal\/es\/wp-json\/wp\/v2\/tags?post=26632"}],"curies":[{"name":"wp","href":"https:\/\/api.w.org\/{rel}","templated":true}]}}