{"id":26657,"date":"2021-03-11T14:02:34","date_gmt":"2021-03-11T13:02:34","guid":{"rendered":"https:\/\/mancomun.gal\/libreplanet-2021\/"},"modified":"2021-03-11T14:02:34","modified_gmt":"2021-03-11T13:02:34","slug":"libreplanet-2021","status":"publish","type":"post","link":"https:\/\/mancomun.gal\/es\/libreplanet-2021\/","title":{"rendered":"LibrePlanet 2021"},"content":{"rendered":"<p><a href=\"https:\/\/libreplanet.org\/2021\/\">LibrePlantet<\/a> se celebrar\u00e1 en l\u00ednea, del 20 a 21 de mayo del 2021, d\u00e9cima tercera edici\u00f3n de la conferencia anual de la Fundaci\u00f3n de Software Libre (FSF). Ya est\u00e1 abierto para todos los interesados el <a href=\"https:\/\/www.fsf.org\/blogs\/community\/virtual-libreplanet-is-full-of-space-to-explore\">registro<\/a> en l\u00ednea para poder participar.<\/p>\n<p>LibrePlanet es la conferencia <strong>anual organizada por la FSF<\/strong>. Ofrece una oportunidad para que los activistas de la comunidad, los expertos en la materia y las personas que buscan soluciones por s\u00ed mismas se re\u00fanan para debatir cuestiones actuales de tecnolog\u00eda y \u00e9tica. El tema de LibrePlanet 2021 es \u00abCapacitar a los usuarios\u00bb.<\/p>\n<p><a href=\"https:\/\/libreplanet.org\/2021\/\">M\u00e1s informaci\u00f3n<\/a><\/p>\n","protected":false},"excerpt":{"rendered":"<p>LibrePlantet se celebrar\u00e1 en l\u00ednea, del 20 a 21 de mayo del 2021, d\u00e9cima tercera edici\u00f3n de la conferencia anual de la Fundaci\u00f3n de Software Libre (FSF). Ya est\u00e1 abierto para todos los interesados el registro en l\u00ednea para poder participar. LibrePlanet es la conferencia anual organizada por la FSF. Ofrece una oportunidad para que [&hellip;]<\/p>\n","protected":false},"author":1,"featured_media":21154,"comment_status":"open","ping_status":"open","sticky":false,"template":"","format":"standard","meta":{"footnotes":""},"categories":[],"tags":[],"class_list":["post-26657","post","type-post","status-publish","format-standard","has-post-thumbnail","hentry"],"acf":[],"_links":{"self":[{"href":"https:\/\/mancomun.gal\/es\/wp-json\/wp\/v2\/posts\/26657","targetHints":{"allow":["GET"]}}],"collection":[{"href":"https:\/\/mancomun.gal\/es\/wp-json\/wp\/v2\/posts"}],"about":[{"href":"https:\/\/mancomun.gal\/es\/wp-json\/wp\/v2\/types\/post"}],"author":[{"embeddable":true,"href":"https:\/\/mancomun.gal\/es\/wp-json\/wp\/v2\/users\/1"}],"replies":[{"embeddable":true,"href":"https:\/\/mancomun.gal\/es\/wp-json\/wp\/v2\/comments?post=26657"}],"version-history":[{"count":0,"href":"https:\/\/mancomun.gal\/es\/wp-json\/wp\/v2\/posts\/26657\/revisions"}],"wp:featuredmedia":[{"embeddable":true,"href":"https:\/\/mancomun.gal\/es\/wp-json\/wp\/v2\/media\/21154"}],"wp:attachment":[{"href":"https:\/\/mancomun.gal\/es\/wp-json\/wp\/v2\/media?parent=26657"}],"wp:term":[{"taxonomy":"category","embeddable":true,"href":"https:\/\/mancomun.gal\/es\/wp-json\/wp\/v2\/categories?post=26657"},{"taxonomy":"post_tag","embeddable":true,"href":"https:\/\/mancomun.gal\/es\/wp-json\/wp\/v2\/tags?post=26657"}],"curies":[{"name":"wp","href":"https:\/\/api.w.org\/{rel}","templated":true}]}}