{"id":26660,"date":"2021-03-11T14:07:33","date_gmt":"2021-03-11T13:07:33","guid":{"rendered":"https:\/\/mancomun.gal\/50-mancomun-podcast-formacion-en-tecnologias-libres-con-david-vaquero\/"},"modified":"2022-09-08T07:35:35","modified_gmt":"2022-09-08T05:35:35","slug":"50-mancomun-podcast-formacion-en-tecnologias-libres-con-david-vaquero","status":"publish","type":"post","link":"https:\/\/mancomun.gal\/es\/50-mancomun-podcast-formacion-en-tecnologias-libres-con-david-vaquero\/","title":{"rendered":"#50-Mancom\u00fan Podcast: Formaci\u00f3n en tecnolog\u00edas libres con David Vaquero"},"content":{"rendered":"<p>David Vaquero se define a si mismo como consultor, programador y formador especializado en Software Libre, adem\u00e1s de podcaster en Rep\u00fablica Web (podcast muy recomendable que toca tem\u00e1ticas afines a nuestros programas).<\/p>\n<p>Hemos tra\u00eddo a David a Mancom\u00fan porque nos parece una persona muy interesante y que colabora activamente con varias comunidades de software libre, pero sobre todo para conocer mejor el panorama de la formaci\u00f3n en Espa\u00f1a referida al software libre.<\/p>\n<p><img loading=\"lazy\" decoding=\"async\" class=\"aligncenter size-full wp-image-26985\" src=\"https:\/\/mancomun.gal\/wp-content\/uploads\/2022\/09\/50-Formacion-en-tecnoloxias-libres-con-David-Vaquero-mp3-image.png\" alt=\"\" width=\"1920\" height=\"1080\" \/><\/p>\n<audio class=\"wp-audio-shortcode\" id=\"audio-26660-1\" preload=\"none\" style=\"width: 100%;\" controls=\"controls\"><source type=\"audio\/mpeg\" src=\"https:\/\/www.mancomun.gal\/wp-content\/uploads\/2021\/03\/50-Formaci\u00f3n-en-tecnolox\u00edas-libres-con-David-Vaquero.mp3?_=1\" \/><a href=\"https:\/\/www.mancomun.gal\/wp-content\/uploads\/2021\/03\/50-Formaci\u00f3n-en-tecnolox\u00edas-libres-con-David-Vaquero.mp3\">https:\/\/www.mancomun.gal\/wp-content\/uploads\/2021\/03\/50-Formaci\u00f3n-en-tecnolox\u00edas-libres-con-David-Vaquero.mp3<\/a><\/audio>\n<p><strong>Formaci\u00f3n en tecnolog\u00edas libres con David Vaquero<\/strong><\/p>\n<h2 id=\"enlaces-mencionados-no-programa\">Enlaces mencionados en el programa<\/h2>\n<p>Linkedin de David Vaquero<br \/>\n<a href=\"https:\/\/www.linkedin.com\/in\/davidvaquero\/?originalSubdomain=es\">https:\/\/www.linkedin.com\/in\/davidvaquero\/<\/a><\/p>\n<p>Twitter<br \/>\n<a href=\"https:\/\/twitter.com\/dvaquero\">https:\/\/twitter.com\/dvaquero<\/a><\/p>\n<p>Web<br \/>\n<a href=\"https:\/\/cursosdedesarrollo.com\/\">https:\/\/cursosdedesarrollo.com\/<\/a><\/p>\n<p>Podcast Rep\u00fablica Web<br \/>\n<a href=\"https:\/\/republicaweb.es\/\">https:\/\/republicaweb.es\/<\/a><\/p>\n<p>Canal YouTube de Cursos de desarrollo<br \/>\n<a href=\"https:\/\/www.youtube.com\/channel\/UChE59MSKV-eEFyS-0_wqrFg\">https:\/\/www.youtube.com\/channel\/uche59MSKV-eEFyS-0_wqrFg<\/a><\/p>\n<p>Podcast Formadores en tiempos revueltos<br \/>\n<a href=\"https:\/\/www.ivoox.com\/podcast-formadores-tiempos-revueltos_sq_f1852501_1.html\">https:\/\/www.ivoox.com\/podcast-formadores-tiempos-revueltos_sq_f1852501_1.html<\/a><\/p>\n<h2 id=\"as-m\u00fasicas-usadas-neste-programa-foron\">Las m\u00fasicas usadas en este programa han sido:<\/h2>\n<p>&#8211; Canci\u00f3n <a href=\"http:\/\/freemusicarchive.org\/music\/Timecrawler_82\/Osaka_Lights\/Street_Dancing\">\u00abStreet dancing\u00bb del grupo Timecrawler<\/a>, CC BY<br \/>\n&#8211; Canci\u00f3n \u00abLeavin The Lights\u00bb by Jason Shaw on Audionautix, CC BY 4.0<br \/>\nMusic by Jason Shaw on https:\/\/audionautix.com\/<br \/>\n&#8211; Efectos sonoros de Freesound (<a href=\"https:\/\/freesound.org\/\">https:\/\/freesound.org\/<\/a>)<\/p>\n<p>Puedes suscribirte al podcast a trav\u00e9s del feed: <a href=\"http:\/\/feeds.feedburner.com\/MancomunPodcast\">http:\/\/feeds.feedburner.com\/mancomunpodcast<\/a><\/p>\n<p>Y si quieres llevar los programas en tu tel\u00e9fono, recomendamos usar la app <a href=\"https:\/\/antennapod.org\/\">AntennaPod<\/a>. Aplicaci\u00f3n libre y gratuita con la que poder gestionar tus podcasts favoritos (podcatcher).<br \/>\nEn Mancom\u00fan apostamos por los formatos libres y abiertos, por lo tanto estos contenidos estar\u00e1n disponibles en formato Ogg y FLAC. Y tambi\u00e9n nos gusta liberar los contenidos que producimos con licencias abiertas, as\u00ed que estos programas tendr\u00e1n la licencia<strong> libre Creative Commons Atribuci\u00f3n-Compartir igual 4.0.<\/strong><br \/>\nLa m\u00fasica que usemos tambi\u00e9n estar\u00e1 bajo este tipo de licencias (Creative Commons BY el BY-SA), apostando por los creadores que comparten sus contenidos con la comunidad.<\/p>\n<p>&nbsp;<\/p>\n","protected":false},"excerpt":{"rendered":"<p>David Vaquero se define a si mismo como consultor, programador y formador especializado en Software Libre, adem\u00e1s de podcaster en Rep\u00fablica Web (podcast muy recomendable que toca tem\u00e1ticas afines a nuestros programas). Hemos tra\u00eddo a David a Mancom\u00fan porque nos parece una persona muy interesante y que colabora activamente con varias comunidades de software libre, [&hellip;]<\/p>\n","protected":false},"author":1,"featured_media":21161,"comment_status":"open","ping_status":"open","sticky":false,"template":"","format":"standard","meta":{"footnotes":""},"categories":[],"tags":[],"class_list":["post-26660","post","type-post","status-publish","format-standard","has-post-thumbnail","hentry"],"acf":[],"_links":{"self":[{"href":"https:\/\/mancomun.gal\/es\/wp-json\/wp\/v2\/posts\/26660","targetHints":{"allow":["GET"]}}],"collection":[{"href":"https:\/\/mancomun.gal\/es\/wp-json\/wp\/v2\/posts"}],"about":[{"href":"https:\/\/mancomun.gal\/es\/wp-json\/wp\/v2\/types\/post"}],"author":[{"embeddable":true,"href":"https:\/\/mancomun.gal\/es\/wp-json\/wp\/v2\/users\/1"}],"replies":[{"embeddable":true,"href":"https:\/\/mancomun.gal\/es\/wp-json\/wp\/v2\/comments?post=26660"}],"version-history":[{"count":1,"href":"https:\/\/mancomun.gal\/es\/wp-json\/wp\/v2\/posts\/26660\/revisions"}],"predecessor-version":[{"id":26663,"href":"https:\/\/mancomun.gal\/es\/wp-json\/wp\/v2\/posts\/26660\/revisions\/26663"}],"wp:featuredmedia":[{"embeddable":true,"href":"https:\/\/mancomun.gal\/es\/wp-json\/wp\/v2\/media\/21161"}],"wp:attachment":[{"href":"https:\/\/mancomun.gal\/es\/wp-json\/wp\/v2\/media?parent=26660"}],"wp:term":[{"taxonomy":"category","embeddable":true,"href":"https:\/\/mancomun.gal\/es\/wp-json\/wp\/v2\/categories?post=26660"},{"taxonomy":"post_tag","embeddable":true,"href":"https:\/\/mancomun.gal\/es\/wp-json\/wp\/v2\/tags?post=26660"}],"curies":[{"name":"wp","href":"https:\/\/api.w.org\/{rel}","templated":true}]}}