{"id":26679,"date":"2021-03-15T09:55:41","date_gmt":"2021-03-15T08:55:41","guid":{"rendered":"https:\/\/mancomun.gal\/novela-grafica-creada-con-software-libre\/"},"modified":"2022-09-08T07:35:52","modified_gmt":"2022-09-08T05:35:52","slug":"novela-grafica-creada-con-software-libre","status":"publish","type":"post","link":"https:\/\/mancomun.gal\/es\/novela-grafica-creada-con-software-libre\/","title":{"rendered":"Novela gr\u00e1fica creada con software libre"},"content":{"rendered":"<p>\u00c1ngel S\u00e1nchez, conservador del Museo de Prehistoria de Valencia, ha publicado la novela gr\u00e1fica hist\u00f3rica <a href=\"http:\/\/nosinmipixel.blogspot.com\/2021\/03\/balkar-la-forja-del-guerrero.html\">\u00abBalkar. La forja de el guerrero\u00bb.<\/a><\/p>\n<p><img loading=\"lazy\" decoding=\"async\" class=\"aligncenter wp-image-27023\" src=\"https:\/\/mancomun.gal\/wp-content\/uploads\/2022\/09\/compo-banner-1-1.jpg\" alt=\"\" width=\"500\" height=\"309\" \/><\/p>\n<p>Se trata de una historia de ficci\u00f3n ambientada en la Antigua Iberia (siglos VI-I la. C.) y que sigue el cl\u00e1sico esquema del periplo del h\u00e9roe: un viejo sacerdote que penetra en su maltrecha memoria para recordar las haza\u00f1as de Balkar, legendario guerrero ib\u00e9rico. El primer volumen recoge el tr\u00e1nsito a la madurez del protagonista.<\/p>\n<p><strong>La novela pretende mantener el mayor rigor hist\u00f3rico posible <\/strong>en aspectos como atuendo, armamento, arquitectura, herramientas, elementos dom\u00e9sticos, etc. De hecho, existe un ap\u00e9ndice final donde se definen algunas de estas cuestiones desde la perspectiva de la Arqueolog\u00eda actual.<\/p>\n<figure id=\"attachment_27025\" aria-describedby=\"caption-attachment-27025\" style=\"width: 300px\" class=\"wp-caption aligncenter\"><img loading=\"lazy\" decoding=\"async\" class=\"wp-image-27025\" src=\"https:\/\/mancomun.gal\/wp-content\/uploads\/2022\/09\/ejemplo-pagina-2-150px.jpg\" alt=\"\" width=\"300\" height=\"388\" \/><figcaption id=\"caption-attachment-27025\" class=\"wp-caption-text\">Balkar. La forja de \u00e9l guerrero<\/figcaption><\/figure>\n<p><strong>Su autor comenta:<\/strong><br \/>\n\u00abPara su realizaci\u00f3n utilic\u00e9 b\u00e1sicamente software libre: nuestro amado Blender se emple\u00f3 en la creaci\u00f3n de referencias y fondos, Inkscape en el dibujo de cada una de las vi\u00f1etas, Gimp en el retoque de im\u00e1genes y, finalmente, para la maquetaci\u00f3n y composici\u00f3n del libro utilic\u00e9 Scribus.\u00bb<\/p>\n<p>La novela est\u00e1 disponible en Amazon en versi\u00f3n Kindle y tapa blanda.<\/p>\n<h2 id=\"v\u00eddeo-sobre-a-novela-gr\u00e1fica\">V\u00eddeo sobre la novela gr\u00e1fica<\/h2>\n<p><iframe loading=\"lazy\" src=\"https:\/\/www.youtube.com\/embed\/qHYwTiK1AJI\" width=\"560\" height=\"315\" frameborder=\"0\" allowfullscreen=\"allowfullscreen\"><\/iframe><\/p>\n<p><a href=\"http:\/\/nosinmipixel.blogspot.com\/2021\/03\/balkar-la-forja-del-guerrero.html\">M\u00e1s informaci\u00f3n<\/a><\/p>\n","protected":false},"excerpt":{"rendered":"<p>\u00c1ngel S\u00e1nchez, conservador del Museo de Prehistoria de Valencia, ha publicado la novela gr\u00e1fica hist\u00f3rica \u00abBalkar. La forja de el guerrero\u00bb. Se trata de una historia de ficci\u00f3n ambientada en la Antigua Iberia (siglos VI-I la. C.) y que sigue el cl\u00e1sico esquema del periplo del h\u00e9roe: un viejo sacerdote que penetra en su maltrecha [&hellip;]<\/p>\n","protected":false},"author":1,"featured_media":21200,"comment_status":"open","ping_status":"open","sticky":false,"template":"","format":"standard","meta":{"footnotes":""},"categories":[],"tags":[],"class_list":["post-26679","post","type-post","status-publish","format-standard","has-post-thumbnail","hentry"],"acf":[],"_links":{"self":[{"href":"https:\/\/mancomun.gal\/es\/wp-json\/wp\/v2\/posts\/26679","targetHints":{"allow":["GET"]}}],"collection":[{"href":"https:\/\/mancomun.gal\/es\/wp-json\/wp\/v2\/posts"}],"about":[{"href":"https:\/\/mancomun.gal\/es\/wp-json\/wp\/v2\/types\/post"}],"author":[{"embeddable":true,"href":"https:\/\/mancomun.gal\/es\/wp-json\/wp\/v2\/users\/1"}],"replies":[{"embeddable":true,"href":"https:\/\/mancomun.gal\/es\/wp-json\/wp\/v2\/comments?post=26679"}],"version-history":[{"count":1,"href":"https:\/\/mancomun.gal\/es\/wp-json\/wp\/v2\/posts\/26679\/revisions"}],"predecessor-version":[{"id":26680,"href":"https:\/\/mancomun.gal\/es\/wp-json\/wp\/v2\/posts\/26679\/revisions\/26680"}],"wp:featuredmedia":[{"embeddable":true,"href":"https:\/\/mancomun.gal\/es\/wp-json\/wp\/v2\/media\/21200"}],"wp:attachment":[{"href":"https:\/\/mancomun.gal\/es\/wp-json\/wp\/v2\/media?parent=26679"}],"wp:term":[{"taxonomy":"category","embeddable":true,"href":"https:\/\/mancomun.gal\/es\/wp-json\/wp\/v2\/categories?post=26679"},{"taxonomy":"post_tag","embeddable":true,"href":"https:\/\/mancomun.gal\/es\/wp-json\/wp\/v2\/tags?post=26679"}],"curies":[{"name":"wp","href":"https:\/\/api.w.org\/{rel}","templated":true}]}}