{"id":27225,"date":"2021-05-24T05:36:20","date_gmt":"2021-05-24T03:36:20","guid":{"rendered":"https:\/\/mancomun.gal\/ampliado-el-plazo-de-inscripcion-del-xv-concurso-universitario-de-software-libre\/"},"modified":"2021-05-24T05:36:20","modified_gmt":"2021-05-24T03:36:20","slug":"ampliado-el-plazo-de-inscripcion-del-xv-concurso-universitario-de-software-libre","status":"publish","type":"post","link":"https:\/\/mancomun.gal\/es\/ampliado-el-plazo-de-inscripcion-del-xv-concurso-universitario-de-software-libre\/","title":{"rendered":"Ampliado el plazo de inscripci\u00f3n del XV Concurso Universitario de Software Libre"},"content":{"rendered":"<p>Desde la Organizaci\u00f3n del Concurso Universitario de Software Libre, <a href=\"https:\/\/concursosoftwarelibre.org\/2021\/node\/46\">anunciaron<\/a> que <strong>van a extender la fase de inscripci\u00f3n hasta el 21 de junio<\/strong>.<\/p>\n<p>La misi\u00f3n del Concurso Universitario de Software Libre es intentar llegar a todos los estudiantes de Espa\u00f1a para darles a conocer los beneficios del Software Libre no solo a nivel institucional sino tambi\u00e9n a nivel personal.<\/p>\n<p>Desde la organizaci\u00f3n esperan que esta extensi\u00f3n haga que los indecisos se lancen a participar y saquen adelante esos proyectos que tanto disfrutar\u00e1n durante la fase de desarrollo.<\/p>\n<p><a href=\"https:\/\/concursosoftwarelibre.org\/2021\/node\/46\">M\u00e1s informaci\u00f3n<\/a><\/p>\n","protected":false},"excerpt":{"rendered":"<p>Desde la Organizaci\u00f3n del Concurso Universitario de Software Libre, anunciaron que van a extender la fase de inscripci\u00f3n hasta el 21 de junio. La misi\u00f3n del Concurso Universitario de Software Libre es intentar llegar a todos los estudiantes de Espa\u00f1a para darles a conocer los beneficios del Software Libre no solo a nivel institucional sino [&hellip;]<\/p>\n","protected":false},"author":1,"featured_media":21949,"comment_status":"open","ping_status":"open","sticky":false,"template":"","format":"standard","meta":{"footnotes":""},"categories":[],"tags":[],"class_list":["post-27225","post","type-post","status-publish","format-standard","has-post-thumbnail","hentry"],"acf":[],"_links":{"self":[{"href":"https:\/\/mancomun.gal\/es\/wp-json\/wp\/v2\/posts\/27225","targetHints":{"allow":["GET"]}}],"collection":[{"href":"https:\/\/mancomun.gal\/es\/wp-json\/wp\/v2\/posts"}],"about":[{"href":"https:\/\/mancomun.gal\/es\/wp-json\/wp\/v2\/types\/post"}],"author":[{"embeddable":true,"href":"https:\/\/mancomun.gal\/es\/wp-json\/wp\/v2\/users\/1"}],"replies":[{"embeddable":true,"href":"https:\/\/mancomun.gal\/es\/wp-json\/wp\/v2\/comments?post=27225"}],"version-history":[{"count":0,"href":"https:\/\/mancomun.gal\/es\/wp-json\/wp\/v2\/posts\/27225\/revisions"}],"wp:featuredmedia":[{"embeddable":true,"href":"https:\/\/mancomun.gal\/es\/wp-json\/wp\/v2\/media\/21949"}],"wp:attachment":[{"href":"https:\/\/mancomun.gal\/es\/wp-json\/wp\/v2\/media?parent=27225"}],"wp:term":[{"taxonomy":"category","embeddable":true,"href":"https:\/\/mancomun.gal\/es\/wp-json\/wp\/v2\/categories?post=27225"},{"taxonomy":"post_tag","embeddable":true,"href":"https:\/\/mancomun.gal\/es\/wp-json\/wp\/v2\/tags?post=27225"}],"curies":[{"name":"wp","href":"https:\/\/api.w.org\/{rel}","templated":true}]}}