{"id":34568,"date":"2006-04-26T10:00:14","date_gmt":"2006-04-26T08:00:14","guid":{"rendered":"https:\/\/mancomun.gal\/distribucion-gnulinux-para-pemes-do-concello-de-valdemoro\/"},"modified":"2006-04-26T10:00:14","modified_gmt":"2006-04-26T08:00:14","slug":"distribucion-gnulinux-para-pemes-do-concello-de-valdemoro","status":"publish","type":"post","link":"https:\/\/mancomun.gal\/es\/distribucion-gnulinux-para-pemes-do-concello-de-valdemoro\/","title":{"rendered":"Distribuci\u00f3n GNU\/Linux para Pemes do concello de Valdemoro."},"content":{"rendered":"<p align=\"justify\">O Concello de Valdemoro presentou o pasado Novembro no SIMO a s\u00faa distribuci\u00f3n GNU\/Linux feita especialmente para as pemes: \u00abValdemoro Software Libre de Gesti\u00f3n\u00bb.<\/p>\n<p align=\"justify\">Agora ven de po\u00f1ela disponible na s\u00faa web para a descarga. <\/p>\n<p><\/p>\n<div align=\"justify\">O proxecto \u00ab<a target=\"_blank\" href=\"http:\/\/www.valdemorodigital.net\/vsl\/vsl\" rel=\"noopener\">Valdemoro Software Libre<\/a> \u00bb xurdiu como unha iniciativa de colaboraci\u00f3n entre a Comunidade de Madrid, a trav\u00e9s da Conseller\u00eda de Econom\u00eda e Innovaci\u00f3n Tecnol\u00f3xica, e o Concello de Valdemoro, a trav\u00e9s do Organismo Aut\u00f3nomo Local Centro de Empresas de Valdemoro, cuxo obxectivo \u00e9 realizar acci\u00f3ns encami\u00f1adas \u00e1 difusi\u00f3n do Software Libre, especialmente no \u00e1mbito da pequena e mediana empresa. <\/div>\n<p align=\"justify\"> Este proxecto consta de diversas actuaci\u00f3ns encami\u00f1adas \u00e1 divulgaci\u00f3n do Software Libre, de entre as que destacan a creaci\u00f3n dunha distribuci\u00f3n propia orientada \u00e1 Pequena e Mediana Empresa e a promoci\u00f3n do Software Libre.<\/p>\n<div align=\"justify\">As actividades de promoci\u00f3n incl\u00faen a realizaci\u00f3n de diversos cursos e xornadas encami\u00f1ados a facilitar a utilizaci\u00f3n b\u00e1sica do Software Libre inclu\u00eddo na distribuci\u00f3n, co fin de que as empresas e cidad\u00e1ns que te\u00f1a acceso a devandita distribuci\u00f3n, co\u00f1ezan as posibilidades que ofrece e a util\u00edcen realmente.<\/div>\n<div align=\"justify\">\u00a0<\/div>\n<div align=\"justify\"><a target=\"_blank\" href=\"http:\/\/www.cdtinternet.net\/modules\/news\/article.php?storyid=2862\" rel=\"noopener\">Fonte<\/a> <\/div>\n","protected":false},"excerpt":{"rendered":"<p align=\"justify\">O Concello de Valdemoro presentou o pasado Novembro no SIMO a s\u00faa distribuci\u00f3n GNU\/Linux feita especialmente para as pemes: \u00abValdemoro Software Libre de Gesti\u00f3n\u00bb.<\/p>\n<p align=\"justify\">Agora ven de po\u00f1ela disponible na s\u00faa web para a descarga. <\/p>\n","protected":false},"author":5,"featured_media":0,"comment_status":"open","ping_status":"open","sticky":false,"template":"","format":"standard","meta":{"footnotes":""},"categories":[],"tags":[],"class_list":["post-34568","post","type-post","status-publish","format-standard","hentry"],"acf":[],"_links":{"self":[{"href":"https:\/\/mancomun.gal\/es\/wp-json\/wp\/v2\/posts\/34568","targetHints":{"allow":["GET"]}}],"collection":[{"href":"https:\/\/mancomun.gal\/es\/wp-json\/wp\/v2\/posts"}],"about":[{"href":"https:\/\/mancomun.gal\/es\/wp-json\/wp\/v2\/types\/post"}],"author":[{"embeddable":true,"href":"https:\/\/mancomun.gal\/es\/wp-json\/wp\/v2\/users\/5"}],"replies":[{"embeddable":true,"href":"https:\/\/mancomun.gal\/es\/wp-json\/wp\/v2\/comments?post=34568"}],"version-history":[{"count":0,"href":"https:\/\/mancomun.gal\/es\/wp-json\/wp\/v2\/posts\/34568\/revisions"}],"wp:attachment":[{"href":"https:\/\/mancomun.gal\/es\/wp-json\/wp\/v2\/media?parent=34568"}],"wp:term":[{"taxonomy":"category","embeddable":true,"href":"https:\/\/mancomun.gal\/es\/wp-json\/wp\/v2\/categories?post=34568"},{"taxonomy":"post_tag","embeddable":true,"href":"https:\/\/mancomun.gal\/es\/wp-json\/wp\/v2\/tags?post=34568"}],"curies":[{"name":"wp","href":"https:\/\/api.w.org\/{rel}","templated":true}]}}