{"id":34595,"date":"2006-05-05T11:00:00","date_gmt":"2006-05-05T09:00:00","guid":{"rendered":"https:\/\/mancomun.gal\/o-goberno-galego-incorporase-a-rede-internacional-de-administracions-publicas-para-o-software-li\/"},"modified":"2006-05-05T11:00:00","modified_gmt":"2006-05-05T09:00:00","slug":"o-goberno-galego-incorporase-a-rede-internacional-de-administracions-publicas-para-o-software-li","status":"publish","type":"post","link":"https:\/\/mancomun.gal\/es\/o-goberno-galego-incorporase-a-rede-internacional-de-administracions-publicas-para-o-software-li\/","title":{"rendered":"O Goberno galego incorp\u00f3rase \u00e1 rede internacional de administraci\u00f3ns p\u00fablicas para o Software Li"},"content":{"rendered":"<p align=\"justify\">Durante o pasado mes de marzo, reun\u00edronse na Conseller\u00eda de Innovaci\u00f3n e Industria a directora xeral de Promoci\u00f3n Industrial e da Sociedade da Informaci\u00f3n, Elena Veiguela, o responsable da Rede Internacional das Administraci\u00f3ns P\u00fablicas polo Software Libre, Marcelo Branco, e representantes da Secretar\u00eda de Telecomunicaci\u00f3ns i Societat de la Informaci\u00f3 da Generalitat de Catalunya&#8230;<\/p>\n<p><\/p>\n<div align=\"justify\">A directora xeral de Promoci\u00f3n Industrial e da Sociedade da Informaci\u00f3n da Conseller\u00eda de Innovaci\u00f3n e Industria, Elena Veiguela Mart\u00ednez, manifestou a vontade da Xunta de incorporarse \u00e1 \u201cRede Internacional das Administraci\u00f3ns P\u00fablicas polo Software Libre\u201d.<\/div>\n<div align=\"justify\">\u00a0<\/div>\n<div align=\"justify\">O obxectivo da Rede \u00e9 fortalecer as relaci\u00f3ns pol\u00edtico-institucionais entre aquelas administraci\u00f3ns que te\u00f1en o compromiso de consolidar o uso do Software Libre, deixando constancia da necesidade de traballar de xeito conxunto para difundir, estimular, desenvolver e promocionar o Software Libre como unha das ferramentas m\u00e1is importantes das que disp\u00f3n a sociedade para transmitir o seu co\u00f1ecemento.<\/div>\n<div align=\"justify\">\u00a0<\/div>\n<div align=\"justify\">A Rede insp\u00edrase na l\u00f3xica do principal motivo de \u00e9xito da comunidade do Software Libre: a cooperaci\u00f3n entre as diferentes administraci\u00f3n p\u00fablicas.<\/div>\n","protected":false},"excerpt":{"rendered":"<p align=\"justify\">Durante o pasado mes de marzo, reun\u00edronse na Conseller\u00eda de Innovaci\u00f3n e Industria a directora xeral de Promoci\u00f3n Industrial e da Sociedade da Informaci\u00f3n, Elena Veiguela, o responsable da Rede Internacional das Administraci\u00f3ns P\u00fablicas polo Software Libre, Marcelo Branco, e representantes da Secretar\u00eda de Telecomunicaci\u00f3ns i Societat de la Informaci\u00f3 da Generalitat de Catalunya&#8230;<\/p>\n","protected":false},"author":5,"featured_media":0,"comment_status":"open","ping_status":"open","sticky":false,"template":"","format":"standard","meta":{"footnotes":""},"categories":[],"tags":[],"class_list":["post-34595","post","type-post","status-publish","format-standard","hentry"],"acf":[],"_links":{"self":[{"href":"https:\/\/mancomun.gal\/es\/wp-json\/wp\/v2\/posts\/34595","targetHints":{"allow":["GET"]}}],"collection":[{"href":"https:\/\/mancomun.gal\/es\/wp-json\/wp\/v2\/posts"}],"about":[{"href":"https:\/\/mancomun.gal\/es\/wp-json\/wp\/v2\/types\/post"}],"author":[{"embeddable":true,"href":"https:\/\/mancomun.gal\/es\/wp-json\/wp\/v2\/users\/5"}],"replies":[{"embeddable":true,"href":"https:\/\/mancomun.gal\/es\/wp-json\/wp\/v2\/comments?post=34595"}],"version-history":[{"count":0,"href":"https:\/\/mancomun.gal\/es\/wp-json\/wp\/v2\/posts\/34595\/revisions"}],"wp:attachment":[{"href":"https:\/\/mancomun.gal\/es\/wp-json\/wp\/v2\/media?parent=34595"}],"wp:term":[{"taxonomy":"category","embeddable":true,"href":"https:\/\/mancomun.gal\/es\/wp-json\/wp\/v2\/categories?post=34595"},{"taxonomy":"post_tag","embeddable":true,"href":"https:\/\/mancomun.gal\/es\/wp-json\/wp\/v2\/tags?post=34595"}],"curies":[{"name":"wp","href":"https:\/\/api.w.org\/{rel}","templated":true}]}}