{"id":34603,"date":"2006-04-18T10:20:26","date_gmt":"2006-04-18T08:20:26","guid":{"rendered":"https:\/\/mancomun.gal\/intel-e-a-junta-de-andalucia-firman-un-convenio-de-colaboracion\/"},"modified":"2006-04-18T10:20:26","modified_gmt":"2006-04-18T08:20:26","slug":"intel-e-a-junta-de-andalucia-firman-un-convenio-de-colaboracion","status":"publish","type":"post","link":"https:\/\/mancomun.gal\/es\/intel-e-a-junta-de-andalucia-firman-un-convenio-de-colaboracion\/","title":{"rendered":"Intel e a Junta de Andaluc\u00eda firman un convenio de colaboraci\u00f3n."},"content":{"rendered":"<p align=\"justify\"><span class=\"itemTitle\">A multinacional <a target=\"_blank\" href=\"http:\/\/www.intel.com\/cd\/corporate\/europe\/emea\/spa\/254696.htm\" rel=\"noopener\">Intel<\/a>  e a <a target=\"_blank\" href=\"http:\/\/www.juntadeandalucia.es\/SP\/JDA\/CDA\/Secciones\/Portada\/JDA-Portada\" rel=\"noopener\">Junta de Andaluc\u00eda<\/a>  ve\u00f1en de firmar un convenio de colaboraci\u00f3n para promocionar a sociedade da informaci\u00f3n en Andaluc\u00eda. A trav\u00e9s del <\/span>desenvolveranse actuaci\u00f3ns conxuntas en materia de Tecnolox\u00eda da Informaci\u00f3n e as Comunicaci\u00f3ns (TIC), entre as que se atopan dar soporte \u00e1s distribuci\u00f3ns Linux. &#8230;<span class=\"itemTitle\"><br \/><\/span><\/p>\n<p><\/p>\n<p align=\"justify\">Intel aportar\u00e1 a s\u00faa experiencia en integraci\u00f3n de soluci\u00f3ns, an\u00e1lise e optimizaci\u00f3n do rendemento, metodolox\u00edas, procedementos e ferramentas de validaci\u00f3n, ao tempo que colaborar\u00e1 coa <a target=\"_blank\" href=\"http:\/\/www.juntadeandalucia.es\/innovacioncienciayempresa\" rel=\"noopener\">Consejer\u00eda de Innovaci\u00f3n, Ciencia e Empresa<\/a>  na execuci\u00f3n de novas implantaci\u00f3ns e migraci\u00f3ns de Linux, e na definici\u00f3n dun proceso de certificaci\u00f3n e validaci\u00f3n co fin de previr calquera incidencia na implantaci\u00f3n de novas versi\u00f3ns de Guadalinex.<\/p>\n<p align=\"justify\">O convenio recolle, ademais da \u00e1rea soporte \u00e1s distribuci\u00f3ns Linux, outras catro \u00e1reas de actuaci\u00f3n como son: Desenvolvemento da Sociedade da Informaci\u00f3n; Fomento das Cidades Dixitais; Innovaci\u00f3n no \u00c1mbito Educativo; Innovaci\u00f3n no \u00c1mbito Sanitario.<\/p>\n<p align=\"justify\"><a target=\"_blank\" href=\"http:\/\/www.opensourceworldconference.com\/malaga06\/es\/modules\/news\/article.php?storyid=451\" rel=\"noopener\">Fonte<\/a> \u00a0<\/p>\n","protected":false},"excerpt":{"rendered":"<p align=\"justify\"><span class=\"itemTitle\">A multinacional <a target=\"_blank\" href=\"http:\/\/www.intel.com\/cd\/corporate\/europe\/emea\/spa\/254696.htm\" rel=\"noopener\">Intel<\/a>  e a <a target=\"_blank\" href=\"http:\/\/www.juntadeandalucia.es\/SP\/JDA\/CDA\/Secciones\/Portada\/JDA-Portada\" rel=\"noopener\">Junta de Andaluc\u00eda<\/a>  ve\u00f1en de firmar un convenio de colaboraci\u00f3n para promocionar a sociedade da informaci\u00f3n en Andaluc\u00eda. A trav\u00e9s del <\/span>desenvolveranse actuaci\u00f3ns conxuntas en materia de Tecnolox\u00eda da Informaci\u00f3n e as Comunicaci\u00f3ns (TIC), entre as que se atopan dar soporte \u00e1s distribuci\u00f3ns Linux. &#8230;<span class=\"itemTitle\"><br \/><\/span><\/p>\n","protected":false},"author":5,"featured_media":0,"comment_status":"open","ping_status":"open","sticky":false,"template":"","format":"standard","meta":{"footnotes":""},"categories":[],"tags":[],"class_list":["post-34603","post","type-post","status-publish","format-standard","hentry"],"acf":[],"_links":{"self":[{"href":"https:\/\/mancomun.gal\/es\/wp-json\/wp\/v2\/posts\/34603","targetHints":{"allow":["GET"]}}],"collection":[{"href":"https:\/\/mancomun.gal\/es\/wp-json\/wp\/v2\/posts"}],"about":[{"href":"https:\/\/mancomun.gal\/es\/wp-json\/wp\/v2\/types\/post"}],"author":[{"embeddable":true,"href":"https:\/\/mancomun.gal\/es\/wp-json\/wp\/v2\/users\/5"}],"replies":[{"embeddable":true,"href":"https:\/\/mancomun.gal\/es\/wp-json\/wp\/v2\/comments?post=34603"}],"version-history":[{"count":0,"href":"https:\/\/mancomun.gal\/es\/wp-json\/wp\/v2\/posts\/34603\/revisions"}],"wp:attachment":[{"href":"https:\/\/mancomun.gal\/es\/wp-json\/wp\/v2\/media?parent=34603"}],"wp:term":[{"taxonomy":"category","embeddable":true,"href":"https:\/\/mancomun.gal\/es\/wp-json\/wp\/v2\/categories?post=34603"},{"taxonomy":"post_tag","embeddable":true,"href":"https:\/\/mancomun.gal\/es\/wp-json\/wp\/v2\/tags?post=34603"}],"curies":[{"name":"wp","href":"https:\/\/api.w.org\/{rel}","templated":true}]}}