{"id":34623,"date":"2006-04-10T11:48:07","date_gmt":"2006-04-10T09:48:07","guid":{"rendered":"https:\/\/mancomun.gal\/vivernet-pon-en-marcha-linex-pyme\/"},"modified":"2006-04-10T11:48:07","modified_gmt":"2006-04-10T09:48:07","slug":"vivernet-pon-en-marcha-linex-pyme","status":"publish","type":"post","link":"https:\/\/mancomun.gal\/es\/vivernet-pon-en-marcha-linex-pyme\/","title":{"rendered":"Vivernet pon en marcha LinEx-Pyme"},"content":{"rendered":"<p align=\"justify\">O programa co que a Junta de Extremadura apoia a constituci\u00f3n de novas empresas de base tecnol\u00f3xica, <a title=\"Vivernet\" href=\"http:\/\/www.vivernet.com\/\"><strong>Vivernet<\/strong><\/a> , xunto co <strong>Instituto de Innovaci\u00f3n Empresarial de Ja\u00e9n<\/strong> (IIESA) e a <strong>Fundaci\u00f3n para el Desarrollado de la Ciencia y la Tecnolog\u00eda en Extremadura<\/strong> (Fundecyt), ve\u00f1en de por en marcha o proxecto LinExPyme&#8230; <\/p>\n<p><\/p>\n<div align=\"justify\">Este proxecto ten por obxectivo acadar o desenvolvemento dun paquete integral de ferramentas inform\u00e1ticas para a xesti\u00f3n empresarial, financieira e de comunicaci\u00f3n en software libre.<\/div>\n<p align=\"justify\">Sup\u00f3n a continuidade da distribuci\u00f3n Linex Empresa, enriquec\u00e9ndoa con novas aplicaci\u00f3ns libres para a xesti\u00f3n de n\u00f3minas, recibos bancarios, xesti\u00f3n de impostos e comunicaci\u00f3n IP entre outras.<\/p>\n<p align=\"justify\">    Ademais contempla a creaci\u00f3n dunha rede de <strong>Puntos de Informaci\u00f3n sobre Software de C\u00f3digo Aberto (PISeLS)<\/strong>, e da Plataforma de Apoio Virtual on-line \u00e1 que se encargar\u00edan labores divulgativas, de soporte t\u00e9cnico e resposta \u00e1s d\u00fabidas que poidan xurdir en torno \u00e1s aplicaci\u00f3ns ou \u00e1 s\u00faa implementaci\u00f3n. <\/p>\n<p align=\"justify\">Fonte: <a target=\"_blank\" href=\"http:\/\/www.gnulinex.net\/noticias\/1.php3?var1=176\" rel=\"noopener\">GNU\/Linex.net<\/a> <\/p>\n","protected":false},"excerpt":{"rendered":"<p align=\"justify\">O programa co que a Junta de Extremadura apoia a constituci\u00f3n de novas empresas de base tecnol\u00f3xica, <a title=\"Vivernet\" href=\"http:\/\/www.vivernet.com\/\"><strong>Vivernet<\/strong><\/a> , xunto co <strong>Instituto de Innovaci\u00f3n Empresarial de Ja\u00e9n<\/strong> (IIESA) e a <strong>Fundaci\u00f3n para el Desarrollado de la Ciencia y la Tecnolog\u00eda en Extremadura<\/strong> (Fundecyt), ve\u00f1en de por en marcha o proxecto LinExPyme&#8230; <\/p>\n","protected":false},"author":5,"featured_media":0,"comment_status":"open","ping_status":"open","sticky":false,"template":"","format":"standard","meta":{"footnotes":""},"categories":[],"tags":[],"class_list":["post-34623","post","type-post","status-publish","format-standard","hentry"],"acf":[],"_links":{"self":[{"href":"https:\/\/mancomun.gal\/es\/wp-json\/wp\/v2\/posts\/34623","targetHints":{"allow":["GET"]}}],"collection":[{"href":"https:\/\/mancomun.gal\/es\/wp-json\/wp\/v2\/posts"}],"about":[{"href":"https:\/\/mancomun.gal\/es\/wp-json\/wp\/v2\/types\/post"}],"author":[{"embeddable":true,"href":"https:\/\/mancomun.gal\/es\/wp-json\/wp\/v2\/users\/5"}],"replies":[{"embeddable":true,"href":"https:\/\/mancomun.gal\/es\/wp-json\/wp\/v2\/comments?post=34623"}],"version-history":[{"count":0,"href":"https:\/\/mancomun.gal\/es\/wp-json\/wp\/v2\/posts\/34623\/revisions"}],"wp:attachment":[{"href":"https:\/\/mancomun.gal\/es\/wp-json\/wp\/v2\/media?parent=34623"}],"wp:term":[{"taxonomy":"category","embeddable":true,"href":"https:\/\/mancomun.gal\/es\/wp-json\/wp\/v2\/categories?post=34623"},{"taxonomy":"post_tag","embeddable":true,"href":"https:\/\/mancomun.gal\/es\/wp-json\/wp\/v2\/tags?post=34623"}],"curies":[{"name":"wp","href":"https:\/\/api.w.org\/{rel}","templated":true}]}}