{"id":34626,"date":"2006-04-10T16:45:05","date_gmt":"2006-04-10T14:45:05","guid":{"rendered":"https:\/\/mancomun.gal\/a-xunta-subvenciona-accions-de-difusion-para-a-sociedade-da-informacion\/"},"modified":"2023-05-09T14:57:28","modified_gmt":"2023-05-09T12:57:28","slug":"a-xunta-subvenciona-accions-de-difusion-para-a-sociedade-da-informacion","status":"publish","type":"post","link":"https:\/\/mancomun.gal\/es\/a-xunta-subvenciona-accions-de-difusion-para-a-sociedade-da-informacion\/","title":{"rendered":"A Xunta subvenciona acci\u00f3ns de difusi\u00f3n para a Sociedade da Informaci\u00f3n"},"content":{"rendered":"<div align=\"justify\"><img decoding=\"async\" vspace=\"30\" hspace=\"10\" border=\"0\" align=\"left\" alt=\"conseller\u00eda innovaci\u00f3n e industria\" title=\"conseller\u00eda innovaci\u00f3n e industria\" src=\"https:\/\/mancomun.gal\/wp-content\/uploads\/2022\/09\/logo_xunta_conselleria_innovacion_industria.png\" \/>A Conseller\u00eda de Innovaci\u00f3n e Industria publicou no DOG do 6 de abril de 2006 unha Orde pola que se establecen as bases para a concesi\u00f3n de axudas destinadas a promover actuaci\u00f3ns de difusi\u00f3n e formaci\u00f3n relacionadas con desenvolvemento da Sociedade da Informaci\u00f3n.    <\/div>\n<p><\/p>\n<p align=\"justify\">Os beneficiarios poder\u00e1n ser fundaci\u00f3ns, asociaci\u00f3ns ou entidades de car\u00e1cter p\u00fablico ou privado, sen \u00e1nimo de lucro.<\/p>\n<p align=\"justify\">As actuaci\u00f3ns subvencionables son de tres tipos:<\/p>\n<div align=\"justify\">\n<ol>\n<li>Promoci\u00f3n e difusi\u00f3n da Sociedade da Informaci\u00f3n<\/li>\n<li>Actuaci\u00f3ns formativas especializadas, no \u00e1mbito das TIC<\/li>\n<li>Actuaci\u00f3ns formativas dirixidas \u00e1s PEMES<\/li>\n<\/ol>\n<\/div>\n<p align=\"justify\">Dentro dos criterios de valoraci\u00f3n puntuarase o emprego e difusi\u00f3n do software libre.<\/p>\n<p align=\"justify\">O prazo para a presentaci\u00f3n de solicitudes \u00e9 de 40 d\u00edas naturais contados dende o seguinte \u00f3 6 de abril de 2006.<\/p>\n<p align=\"justify\">M\u00e1is informaci\u00f3n: <a target=\"_blank\" href=\"http:\/\/www.xunta.es\/Dog\/Dog.nsf\/FichaSeccion\/D55F2?OpenDocument\" rel=\"noopener\">DOG 6 abril 2006<\/a>\u00a0\u00a0 <\/p>\n","protected":false},"excerpt":{"rendered":"<div align=\"justify\"><img decoding=\"async\" vspace=\"30\" hspace=\"10\" border=\"0\" align=\"left\" alt=\"conseller\u00eda innovaci\u00f3n e industria\" title=\"conseller\u00eda innovaci\u00f3n e industria\" src=\"https:\/\/www.mancomun.gal\/wp-content\/uploads\/uploads\/pics\/stories\/logo_xunta_conselleria_innovacion_industria.png\" \/>A Conseller\u00eda de Innovaci\u00f3n e Industria publicou no DOG do 6 de abril de 2006 unha Orde pola que se establecen as bases para a concesi\u00f3n de axudas destinadas a promover actuaci\u00f3ns de difusi\u00f3n e formaci\u00f3n relacionadas con desenvolvemento da Sociedade da Informaci\u00f3n.    <\/div>\n","protected":false},"author":5,"featured_media":194,"comment_status":"open","ping_status":"open","sticky":false,"template":"","format":"standard","meta":{"footnotes":""},"categories":[],"tags":[],"class_list":["post-34626","post","type-post","status-publish","format-standard","has-post-thumbnail","hentry"],"acf":[],"_links":{"self":[{"href":"https:\/\/mancomun.gal\/es\/wp-json\/wp\/v2\/posts\/34626","targetHints":{"allow":["GET"]}}],"collection":[{"href":"https:\/\/mancomun.gal\/es\/wp-json\/wp\/v2\/posts"}],"about":[{"href":"https:\/\/mancomun.gal\/es\/wp-json\/wp\/v2\/types\/post"}],"author":[{"embeddable":true,"href":"https:\/\/mancomun.gal\/es\/wp-json\/wp\/v2\/users\/5"}],"replies":[{"embeddable":true,"href":"https:\/\/mancomun.gal\/es\/wp-json\/wp\/v2\/comments?post=34626"}],"version-history":[{"count":1,"href":"https:\/\/mancomun.gal\/es\/wp-json\/wp\/v2\/posts\/34626\/revisions"}],"predecessor-version":[{"id":34627,"href":"https:\/\/mancomun.gal\/es\/wp-json\/wp\/v2\/posts\/34626\/revisions\/34627"}],"wp:featuredmedia":[{"embeddable":true,"href":"https:\/\/mancomun.gal\/es\/wp-json\/wp\/v2\/media\/194"}],"wp:attachment":[{"href":"https:\/\/mancomun.gal\/es\/wp-json\/wp\/v2\/media?parent=34626"}],"wp:term":[{"taxonomy":"category","embeddable":true,"href":"https:\/\/mancomun.gal\/es\/wp-json\/wp\/v2\/categories?post=34626"},{"taxonomy":"post_tag","embeddable":true,"href":"https:\/\/mancomun.gal\/es\/wp-json\/wp\/v2\/tags?post=34626"}],"curies":[{"name":"wp","href":"https:\/\/api.w.org\/{rel}","templated":true}]}}