{"id":34628,"date":"2006-05-02T13:49:04","date_gmt":"2006-05-02T11:49:04","guid":{"rendered":"https:\/\/mancomun.gal\/mais-internet-mais-galego-mais-futuro\/"},"modified":"2023-05-09T14:57:28","modified_gmt":"2023-05-09T12:57:28","slug":"mais-internet-mais-galego-mais-futuro","status":"publish","type":"post","link":"https:\/\/mancomun.gal\/es\/mais-internet-mais-galego-mais-futuro\/","title":{"rendered":"M\u00e1is Internet, m\u00e1is galego, m\u00e1is futuro"},"content":{"rendered":"<p><a title=\"m\u00e1is internet m\u00e1is galego.org\" href=\"http:\/\/www.maisinternetmaisgalego.org\/\"><img loading=\"lazy\" decoding=\"async\" width=\"120\" hspace=\"10\" height=\"120\" border=\"0\" align=\"left\" alt=\"+Internet+Galego+Futuro\" src=\"https:\/\/mancomun.gal\/wp-content\/uploads\/2022\/09\/internetgalego.png\" \/><\/a> A <a target=\"_blank\" href=\"http:\/\/www.xunta.es\/conselle\/in\/\" rel=\"noopener\">Consellar\u00eda de Innovaci\u00f3n e Industria<\/a>  presenta hoxe, 2 de maio, en rolda de prensa a iniciativa <em>M\u00e1is internet, m\u00e1is galego, m\u00e1is futuro. <\/em>O <a target=\"_blank\" href=\"http:\/\/www.maisinternetmaisgalego.org\/iniciativas.php?lg=gal\" rel=\"noopener\">programa<\/a>  de actividades incl\u00fae a presentaci\u00f3n o d\u00eda 10 de maio de \u00abmancomun.org &#8211; Iniciativa Galega polo Software Libre\u00bb.<br \/>\n   \t \t \t \t \t \t \t<!-- \t\t@page { size: 21cm 29.7cm; margin: 2cm } \t\tP { margin-bottom: 0.21cm } \t--> \t  <\/p>\n<p style=\"margin-bottom: 0cm\">Mais internet, m\u00e1is galego, m\u00e1is futuro xorde para amosar diferentes iniciativas promovidas pola Direcci\u00f3n Xeral de Promoci\u00f3n Industrial e da Sociedade da Informaci\u00f3n, coas que que se quere informar sobre as oportunidades e os desafios que comporta a construci\u00f3n en Galiza da Sociedade da Informaci\u00f3n e do Co\u00f1ecemento. Iniciativas que se desenvolven en colaboraci\u00f3n coas universidades galegas, empresas tecnol\u00f3xicas, asociaci\u00f3ns profesionais e de empresas, medios de comunicaci\u00f3n e entidades culturais comprometidas co acceso democr\u00e1tico e libre \u00e1s novas tecnolox\u00edas a trav\u00e9s do Software Libre.<\/p>\n<p style=\"margin-bottom: 0cm\">Fonte: <a target=\"_blank\" href=\"http:\/\/www.maisinternetmaisgalego.org\" rel=\"noopener\">M\u00e1is Internet, m\u00e1is galego, m\u00e1is futuro<\/a> <\/p>\n","protected":false},"excerpt":{"rendered":"<p><a title=\"m\u00e1is internet m\u00e1is galego.org\" href=\"http:\/\/www.maisinternetmaisgalego.org\/\"><img loading=\"lazy\" decoding=\"async\" width=\"120\" hspace=\"10\" height=\"120\" border=\"0\" align=\"left\" alt=\"+Internet+Galego+Futuro\" src=\"https:\/\/www.mancomun.gal\/wp-content\/uploads\/uploads\/pics\/stories\/%2Binternet%2Bgalego.png\" \/><\/a> A <a target=\"_blank\" href=\"http:\/\/www.xunta.es\/conselle\/in\/\" rel=\"noopener\">Consellar\u00eda de Innovaci\u00f3n e Industria<\/a>  presenta hoxe, 2 de maio, en rolda de prensa a iniciativa <em>M\u00e1is internet, m\u00e1is galego, m\u00e1is futuro. <\/em>O <a target=\"_blank\" href=\"http:\/\/www.maisinternetmaisgalego.org\/iniciativas.php?lg=gal\" rel=\"noopener\">programa<\/a>  de actividades incl\u00fae a presentaci\u00f3n o d\u00eda 10 de maio de \u00abmancomun.org &#8211; Iniciativa Galega polo Software Libre\u00bb.<\/p>\n","protected":false},"author":5,"featured_media":198,"comment_status":"open","ping_status":"open","sticky":false,"template":"","format":"standard","meta":{"footnotes":""},"categories":[],"tags":[],"class_list":["post-34628","post","type-post","status-publish","format-standard","has-post-thumbnail","hentry"],"acf":[],"_links":{"self":[{"href":"https:\/\/mancomun.gal\/es\/wp-json\/wp\/v2\/posts\/34628","targetHints":{"allow":["GET"]}}],"collection":[{"href":"https:\/\/mancomun.gal\/es\/wp-json\/wp\/v2\/posts"}],"about":[{"href":"https:\/\/mancomun.gal\/es\/wp-json\/wp\/v2\/types\/post"}],"author":[{"embeddable":true,"href":"https:\/\/mancomun.gal\/es\/wp-json\/wp\/v2\/users\/5"}],"replies":[{"embeddable":true,"href":"https:\/\/mancomun.gal\/es\/wp-json\/wp\/v2\/comments?post=34628"}],"version-history":[{"count":1,"href":"https:\/\/mancomun.gal\/es\/wp-json\/wp\/v2\/posts\/34628\/revisions"}],"predecessor-version":[{"id":34629,"href":"https:\/\/mancomun.gal\/es\/wp-json\/wp\/v2\/posts\/34628\/revisions\/34629"}],"wp:featuredmedia":[{"embeddable":true,"href":"https:\/\/mancomun.gal\/es\/wp-json\/wp\/v2\/media\/198"}],"wp:attachment":[{"href":"https:\/\/mancomun.gal\/es\/wp-json\/wp\/v2\/media?parent=34628"}],"wp:term":[{"taxonomy":"category","embeddable":true,"href":"https:\/\/mancomun.gal\/es\/wp-json\/wp\/v2\/categories?post=34628"},{"taxonomy":"post_tag","embeddable":true,"href":"https:\/\/mancomun.gal\/es\/wp-json\/wp\/v2\/tags?post=34628"}],"curies":[{"name":"wp","href":"https:\/\/api.w.org\/{rel}","templated":true}]}}