{"id":34634,"date":"2006-04-12T09:48:31","date_gmt":"2006-04-12T07:48:31","guid":{"rendered":"https:\/\/mancomun.gal\/o-bng-pide-que-as-axudas-para-mercar-pcs-esixan-que-estes-leven-software-libre\/"},"modified":"2006-04-12T09:48:31","modified_gmt":"2006-04-12T07:48:31","slug":"o-bng-pide-que-as-axudas-para-mercar-pcs-esixan-que-estes-leven-software-libre","status":"publish","type":"post","link":"https:\/\/mancomun.gal\/es\/o-bng-pide-que-as-axudas-para-mercar-pcs-esixan-que-estes-leven-software-libre\/","title":{"rendered":"O BNG pide que as axudas para mercar PC&#39;s esixan que estes leven Software libre."},"content":{"rendered":"<p align=\"justify\">O BNG ven de firmar unha iniciativa na que demanda co\u00f1ecer os requisitos que deben cumprir as PC&#8217;s que Educaci\u00f3n subvencionar\u00e1 a partir do mes que ven cunha axuda de 300 euros&#8230;<\/p>\n<p><\/p>\n<p align=\"justify\">O deputado Carlos Aymerich coida que a orde deber\u00eda incluir requisitos como que a PC non leve instalado un sistema operativo privativo como o Windows, pois dende a administraci\u00f3n p\u00fablica non se pode fomentar o consumo de material inform\u00e1tico con sistemas privativos.  <\/p>\n<div align=\"justify\"> <\/div>\n<p align=\"justify\">Valoran moi positivamente esta iniciativa de Educaci\u00f3n que \u00e9 unha boa medida para correxir desigualdades, pero conf\u00eda en que ademais sirva para promover o uso de Sofware Libre, establecendo que as PC&#8217;s dispo\u00f1an dun sistema operativo de c\u00f3digo aberto&#8230;. <\/p>\n<p>Fonte: <a target=\"_blank\" href=\"http:\/\/bng-galiza.org\/servlet\/ContentServer?pagename=R&#038;c=Articulo&#038;cid=1141650712955&#038;pubid=1129005357262&#038;idm=Galego\" rel=\"noopener\">BNG<\/a>  \u00a0<\/p>\n","protected":false},"excerpt":{"rendered":"<p align=\"justify\">O BNG ven de firmar unha iniciativa na que demanda co\u00f1ecer os requisitos que deben cumprir as PC&#8217;s que Educaci\u00f3n subvencionar\u00e1 a partir do mes que ven cunha axuda de 300 euros&#8230;<\/p>\n","protected":false},"author":5,"featured_media":0,"comment_status":"open","ping_status":"open","sticky":false,"template":"","format":"standard","meta":{"footnotes":""},"categories":[],"tags":[],"class_list":["post-34634","post","type-post","status-publish","format-standard","hentry"],"acf":[],"_links":{"self":[{"href":"https:\/\/mancomun.gal\/es\/wp-json\/wp\/v2\/posts\/34634","targetHints":{"allow":["GET"]}}],"collection":[{"href":"https:\/\/mancomun.gal\/es\/wp-json\/wp\/v2\/posts"}],"about":[{"href":"https:\/\/mancomun.gal\/es\/wp-json\/wp\/v2\/types\/post"}],"author":[{"embeddable":true,"href":"https:\/\/mancomun.gal\/es\/wp-json\/wp\/v2\/users\/5"}],"replies":[{"embeddable":true,"href":"https:\/\/mancomun.gal\/es\/wp-json\/wp\/v2\/comments?post=34634"}],"version-history":[{"count":0,"href":"https:\/\/mancomun.gal\/es\/wp-json\/wp\/v2\/posts\/34634\/revisions"}],"wp:attachment":[{"href":"https:\/\/mancomun.gal\/es\/wp-json\/wp\/v2\/media?parent=34634"}],"wp:term":[{"taxonomy":"category","embeddable":true,"href":"https:\/\/mancomun.gal\/es\/wp-json\/wp\/v2\/categories?post=34634"},{"taxonomy":"post_tag","embeddable":true,"href":"https:\/\/mancomun.gal\/es\/wp-json\/wp\/v2\/tags?post=34634"}],"curies":[{"name":"wp","href":"https:\/\/api.w.org\/{rel}","templated":true}]}}