{"id":34641,"date":"2006-04-12T18:13:07","date_gmt":"2006-04-12T16:13:07","guid":{"rendered":"https:\/\/mancomun.gal\/xornadas-sobre-software-libre-na-educacion-no-ies-as-marinas-de-betanzos\/"},"modified":"2006-04-12T18:13:07","modified_gmt":"2006-04-12T16:13:07","slug":"xornadas-sobre-software-libre-na-educacion-no-ies-as-marinas-de-betanzos","status":"publish","type":"post","link":"https:\/\/mancomun.gal\/es\/xornadas-sobre-software-libre-na-educacion-no-ies-as-marinas-de-betanzos\/","title":{"rendered":"Xornadas sobre software libre na educaci\u00f3n no IES As Mari\u00f1as de Betanzos"},"content":{"rendered":"<p>O Centro de Formaci\u00f3n e Recursos do Profesorado de A Coru\u00f1a organiza unhas xornadas sobre software libre na educaci\u00f3n no <a href=\"http:\/\/centros.edu.xunta.es\/iesasmarinas\/\" target=\"_blank\" rel=\"noopener\">IES As Mari\u00f1as de Betanzos<\/a>.<\/p>\n<p>Desenvolveranse durante os d\u00edas 24, 25, 26 e 27 de abril. Realizaranse catro sesi\u00f3ns de d\u00faas horas cada unha. A primeira sesi\u00f3n ser\u00e1 de car\u00e1cter divulgativo sobre que \u00e9 o software libre. Na segunda sesi\u00f3n traballarase sobre temas de software libre aplicados \u00e1 educaci\u00f3n. <\/p>\n<p>As d\u00faas \u00faltimas sesi\u00f3n ter\u00e1n forma de taller e se realizar\u00e1n sobre o sistema operativo Guadalinex 3.0. O programa oficial estar\u00e1 dispo\u00f1ibel en breve.<\/p>\n<p>\u00a0<\/p>\n","protected":false},"excerpt":{"rendered":"<p>O Centro de Formaci\u00f3n e Recursos do Profesorado de A Coru\u00f1a organiza unhas xornadas sobre software libre na educaci\u00f3n no <a href=\"http:\/\/centros.edu.xunta.es\/iesasmarinas\/\" target=\"_blank\" rel=\"noopener\">IES As Mari\u00f1as de Betanzos<\/a>.<\/p>\n","protected":false},"author":5,"featured_media":0,"comment_status":"open","ping_status":"open","sticky":false,"template":"","format":"standard","meta":{"footnotes":""},"categories":[],"tags":[],"class_list":["post-34641","post","type-post","status-publish","format-standard","hentry"],"acf":[],"_links":{"self":[{"href":"https:\/\/mancomun.gal\/es\/wp-json\/wp\/v2\/posts\/34641","targetHints":{"allow":["GET"]}}],"collection":[{"href":"https:\/\/mancomun.gal\/es\/wp-json\/wp\/v2\/posts"}],"about":[{"href":"https:\/\/mancomun.gal\/es\/wp-json\/wp\/v2\/types\/post"}],"author":[{"embeddable":true,"href":"https:\/\/mancomun.gal\/es\/wp-json\/wp\/v2\/users\/5"}],"replies":[{"embeddable":true,"href":"https:\/\/mancomun.gal\/es\/wp-json\/wp\/v2\/comments?post=34641"}],"version-history":[{"count":0,"href":"https:\/\/mancomun.gal\/es\/wp-json\/wp\/v2\/posts\/34641\/revisions"}],"wp:attachment":[{"href":"https:\/\/mancomun.gal\/es\/wp-json\/wp\/v2\/media?parent=34641"}],"wp:term":[{"taxonomy":"category","embeddable":true,"href":"https:\/\/mancomun.gal\/es\/wp-json\/wp\/v2\/categories?post=34641"},{"taxonomy":"post_tag","embeddable":true,"href":"https:\/\/mancomun.gal\/es\/wp-json\/wp\/v2\/tags?post=34641"}],"curies":[{"name":"wp","href":"https:\/\/api.w.org\/{rel}","templated":true}]}}