{"id":34648,"date":"2006-04-19T11:17:47","date_gmt":"2006-04-19T09:17:47","guid":{"rendered":"https:\/\/mancomun.gal\/taller-de-modelado-dixital-con-software-libre-en-extremadura\/"},"modified":"2023-05-09T14:57:43","modified_gmt":"2023-05-09T12:57:43","slug":"taller-de-modelado-dixital-con-software-libre-en-extremadura","status":"publish","type":"post","link":"https:\/\/mancomun.gal\/es\/taller-de-modelado-dixital-con-software-libre-en-extremadura\/","title":{"rendered":"Taller de modelado dixital con Software Libre en Extremadura"},"content":{"rendered":"<div align=\"justify\"><img loading=\"lazy\" decoding=\"async\" width=\"125\" vspace=\"0\" hspace=\"10\" height=\"108\" border=\"0\" align=\"right\" alt=\"Logo LinEx\" title=\"Logo LinEx\" src=\"https:\/\/mancomun.gal\/wp-content\/uploads\/2022\/09\/linex.jpg\" \/>O Plan de Alfabetizaci\u00f3n Tecnol\u00f3xica e Software Libre de Extremadura organiza d\u00faas charlas sobre as posibilidades do programa libre <a target=\"_blank\" href=\"http:\/\/www.blender3d.org\/\" rel=\"noopener\">Blender<\/a>  no modelado dixital en 3 dimensi\u00f3ns de obxectos de alfarer\u00eda e cer\u00e1mica.<\/p>\n<\/div>\n<p><\/p>\n<p align=\"justify\">Tr\u00e1tase de que os alumnos co\u00f1ezan a forma b\u00e1sica de traballar con esta ferramenta e que realicen un pequeno exercicio introductorio de modelado dun xarr\u00f3n. As\u00ed, poder\u00e1n facerse unha idea de como quedar\u00e1 a s\u00faa obra final, antes de \u00abtirarse \u00e1 lama\u00bb. <\/p>\n<p align=\"justify\">Adem\u00e1is, este\u00a0evento poderase seguir a trav\u00e9s da web <a href=\"http:\/\/www.nccextremadura.org\/eventos\/alfareriadigital\">http:\/\/www.nccextremadura.org\/eventos\/alfareriadigital<\/a>, que conter\u00e1 imaxes, v\u00eddeos e toda a informaci\u00f3n destas charlas.<\/p>\n<p>Esta acci\u00f3n enm\u00e1rcase dentro do proxecto \u00abUniversidades Populares en red y la Red\u00bb.<\/p>\n<p align=\"justify\">Fonte.- <a target=\"_blank\" href=\"http:\/\/www.regiondigital.com\/modulos\/mod_periodico\/pub\/mostrar_noticia.php?id=37079\" rel=\"noopener\">Regi\u00f3n Digital<\/a> \u00a0<\/p>\n<p align=\"justify\">\u00a0<\/p>\n","protected":false},"excerpt":{"rendered":"<div align=\"justify\"><img loading=\"lazy\" decoding=\"async\" width=\"125\" vspace=\"0\" hspace=\"10\" height=\"108\" border=\"0\" align=\"right\" alt=\"Logo LinEx\" title=\"Logo LinEx\" src=\"https:\/\/www.mancomun.gal\/wp-content\/uploads\/uploads\/pics\/stories\/linex.jpg\" \/>O Plan de Alfabetizaci\u00f3n Tecnol\u00f3xica e Software Libre de Extremadura organiza d\u00faas charlas sobre as posibilidades do programa libre <a target=\"_blank\" href=\"http:\/\/www.blender3d.org\/\" rel=\"noopener\">Blender<\/a>  no modelado dixital en 3 dimensi\u00f3ns de obxectos de alfarer\u00eda e cer\u00e1mica.<\/p>\n<\/div>\n","protected":false},"author":5,"featured_media":232,"comment_status":"open","ping_status":"open","sticky":false,"template":"","format":"standard","meta":{"footnotes":""},"categories":[],"tags":[],"class_list":["post-34648","post","type-post","status-publish","format-standard","has-post-thumbnail","hentry"],"acf":[],"_links":{"self":[{"href":"https:\/\/mancomun.gal\/es\/wp-json\/wp\/v2\/posts\/34648","targetHints":{"allow":["GET"]}}],"collection":[{"href":"https:\/\/mancomun.gal\/es\/wp-json\/wp\/v2\/posts"}],"about":[{"href":"https:\/\/mancomun.gal\/es\/wp-json\/wp\/v2\/types\/post"}],"author":[{"embeddable":true,"href":"https:\/\/mancomun.gal\/es\/wp-json\/wp\/v2\/users\/5"}],"replies":[{"embeddable":true,"href":"https:\/\/mancomun.gal\/es\/wp-json\/wp\/v2\/comments?post=34648"}],"version-history":[{"count":1,"href":"https:\/\/mancomun.gal\/es\/wp-json\/wp\/v2\/posts\/34648\/revisions"}],"predecessor-version":[{"id":34649,"href":"https:\/\/mancomun.gal\/es\/wp-json\/wp\/v2\/posts\/34648\/revisions\/34649"}],"wp:featuredmedia":[{"embeddable":true,"href":"https:\/\/mancomun.gal\/es\/wp-json\/wp\/v2\/media\/232"}],"wp:attachment":[{"href":"https:\/\/mancomun.gal\/es\/wp-json\/wp\/v2\/media?parent=34648"}],"wp:term":[{"taxonomy":"category","embeddable":true,"href":"https:\/\/mancomun.gal\/es\/wp-json\/wp\/v2\/categories?post=34648"},{"taxonomy":"post_tag","embeddable":true,"href":"https:\/\/mancomun.gal\/es\/wp-json\/wp\/v2\/tags?post=34648"}],"curies":[{"name":"wp","href":"https:\/\/api.w.org\/{rel}","templated":true}]}}