{"id":34654,"date":"2006-04-26T08:53:08","date_gmt":"2006-04-26T06:53:08","guid":{"rendered":"https:\/\/mancomun.gal\/amd-crea-un-centro-de-desenvolvemento-baseado-en-linux\/"},"modified":"2006-04-26T08:53:08","modified_gmt":"2006-04-26T06:53:08","slug":"amd-crea-un-centro-de-desenvolvemento-baseado-en-linux","status":"publish","type":"post","link":"https:\/\/mancomun.gal\/es\/amd-crea-un-centro-de-desenvolvemento-baseado-en-linux\/","title":{"rendered":"AMD crea un Centro de Desenvolvemento baseado en Linux."},"content":{"rendered":"<div align=\"justify\">[[AMD]], a empresa de microprocesadores, ten planeada a construci\u00f3n dun centro de investigaci\u00f3n en Sistema Operativos en Dresden, Alemania.<\/p>\n<p> O seu obxectivo \u00e9 empregar Linux para optimizar os seus procesadores, entre outras cousas, para o tema da virtualizaci\u00f3n, procesadores de n\u00facleo m\u00faltiples, optimizaci\u00f3n para Sistemas Operativos. &#8230;<\/div>\n<p><\/p>\n<p align=\"justify\">Buscan programadores polo que xa hai 3 ofertas de traballo que incl\u00faen: un desenvolvedor do Kernel, un desenvolvedor de virtualizaci\u00f3n de sistemas operativos e un desenvolvedor de ferramentas para sistemas operativos.<\/p>\n<p align=\"justify\">M\u00e1is <a target=\"_blank\" href=\"http:\/\/www.espaciolinux.com\/modules.php?name=News&#038;file=article&#038;sid=666\" rel=\"noopener\">informaci\u00f3n<\/a>.\u00a0<\/p>\n","protected":false},"excerpt":{"rendered":"<div align=\"justify\">[[AMD]], a empresa de microprocesadores, ten planeada a construci\u00f3n dun centro de investigaci\u00f3n en Sistema Operativos en Dresden, Alemania.<\/p>\n<p> O seu obxectivo \u00e9 empregar Linux para optimizar os seus procesadores, entre outras cousas, para o tema da virtualizaci\u00f3n, procesadores de n\u00facleo m\u00faltiples, optimizaci\u00f3n para Sistemas Operativos. &#8230;<\/div>\n","protected":false},"author":5,"featured_media":0,"comment_status":"open","ping_status":"open","sticky":false,"template":"","format":"standard","meta":{"footnotes":""},"categories":[],"tags":[],"class_list":["post-34654","post","type-post","status-publish","format-standard","hentry"],"acf":[],"_links":{"self":[{"href":"https:\/\/mancomun.gal\/es\/wp-json\/wp\/v2\/posts\/34654","targetHints":{"allow":["GET"]}}],"collection":[{"href":"https:\/\/mancomun.gal\/es\/wp-json\/wp\/v2\/posts"}],"about":[{"href":"https:\/\/mancomun.gal\/es\/wp-json\/wp\/v2\/types\/post"}],"author":[{"embeddable":true,"href":"https:\/\/mancomun.gal\/es\/wp-json\/wp\/v2\/users\/5"}],"replies":[{"embeddable":true,"href":"https:\/\/mancomun.gal\/es\/wp-json\/wp\/v2\/comments?post=34654"}],"version-history":[{"count":0,"href":"https:\/\/mancomun.gal\/es\/wp-json\/wp\/v2\/posts\/34654\/revisions"}],"wp:attachment":[{"href":"https:\/\/mancomun.gal\/es\/wp-json\/wp\/v2\/media?parent=34654"}],"wp:term":[{"taxonomy":"category","embeddable":true,"href":"https:\/\/mancomun.gal\/es\/wp-json\/wp\/v2\/categories?post=34654"},{"taxonomy":"post_tag","embeddable":true,"href":"https:\/\/mancomun.gal\/es\/wp-json\/wp\/v2\/tags?post=34654"}],"curies":[{"name":"wp","href":"https:\/\/api.w.org\/{rel}","templated":true}]}}