{"id":34656,"date":"2006-04-20T10:12:34","date_gmt":"2006-04-20T08:12:34","guid":{"rendered":"https:\/\/mancomun.gal\/vi-jornadas-sobre-software-libre-organizadas-por-gpul\/"},"modified":"2023-05-09T14:57:47","modified_gmt":"2023-05-09T12:57:47","slug":"vi-jornadas-sobre-software-libre-organizadas-por-gpul","status":"publish","type":"post","link":"https:\/\/mancomun.gal\/es\/vi-jornadas-sobre-software-libre-organizadas-por-gpul\/","title":{"rendered":"VI Jornadas sobre Software Libre organizadas por GPUL"},"content":{"rendered":"<p align=\"justify\"><a href=\"http:\/\/www.gpul.org\/jornadas06\"><img loading=\"lazy\" decoding=\"async\" width=\"124\" vspace=\"15\" hspace=\"10\" height=\"124\" border=\"0\" align=\"left\" title=\"Gpul Logo\" alt=\"Gpul Logo\" src=\"https:\/\/mancomun.gal\/wp-content\/uploads\/2022\/09\/logogpul_sin_cuadro.jpg\" \/><\/a>A asociaci\u00f3n GPUL ven de anunciar a celebraci\u00f3n das VI Xornadas sobre Software Libre, que se celebrar\u00e1n na Facultade de Inform\u00e1tica da Universidade da Coru\u00f1a dos d\u00edas 24 \u00f3 28 de Abril de 2006. O programa final das Xornadas, as\u00ed como a opci\u00f3n de preinscribirse (que non \u00e9 necesario salvo desexo de certificado de asistencia, p\u00f3dese consultar en <a title=\"Jornadas 06 GPUL\" href=\"http:\/\/www.gpul.org\/jornadas06\">http:\/\/www.gpul.org\/jornadas06<\/a>. <\/p>\n<p align=\"justify\">M\u00e1is informaci\u00f3n na <a title=\"Axenda de eventos - Gpul\" href=\"index.php?option=com_extcalendar&#038;Itemid=37&#038;extmode=view&#038;extid=31\">Axenda de eventos<\/a>  ou na propia <a title=\"xornadas06 Gpul\" href=\"http:\/\/www.gpul.org\/jornadas06\">web<\/a>.  <\/p>\n<p><\/p>\n","protected":false},"excerpt":{"rendered":"<p align=\"justify\"><a href=\"http:\/\/www.gpul.org\/jornadas06\"><img loading=\"lazy\" decoding=\"async\" width=\"124\" vspace=\"15\" hspace=\"10\" height=\"124\" border=\"0\" align=\"left\" title=\"Gpul Logo\" alt=\"Gpul Logo\" src=\"https:\/\/www.mancomun.gal\/wp-content\/uploads\/uploads\/pics\/stories\/logogpul_sin_cuadro.jpg\" \/><\/a>A asociaci\u00f3n GPUL ven de anunciar a celebraci\u00f3n das VI Xornadas sobre Software Libre, que se celebrar\u00e1n na Facultade de Inform\u00e1tica da Universidade da Coru\u00f1a dos d\u00edas 24 \u00f3 28 de Abril de 2006. O programa final das Xornadas, as\u00ed como a opci\u00f3n de preinscribirse (que non \u00e9 necesario salvo desexo de certificado de asistencia, p\u00f3dese consultar en <a title=\"Jornadas 06 GPUL\" href=\"http:\/\/www.gpul.org\/jornadas06\">http:\/\/www.gpul.org\/jornadas06<\/a>. <\/p>\n<p align=\"justify\">M\u00e1is informaci\u00f3n na <a title=\"Axenda de eventos - Gpul\" href=\"index.php?option=com_extcalendar&#038;Itemid=37&#038;extmode=view&#038;extid=31\">Axenda de eventos<\/a>  ou na propia <a title=\"xornadas06 Gpul\" href=\"http:\/\/www.gpul.org\/jornadas06\">web<\/a>.  <\/p>\n","protected":false},"author":5,"featured_media":242,"comment_status":"open","ping_status":"open","sticky":false,"template":"","format":"standard","meta":{"footnotes":""},"categories":[],"tags":[],"class_list":["post-34656","post","type-post","status-publish","format-standard","has-post-thumbnail","hentry"],"acf":[],"_links":{"self":[{"href":"https:\/\/mancomun.gal\/es\/wp-json\/wp\/v2\/posts\/34656","targetHints":{"allow":["GET"]}}],"collection":[{"href":"https:\/\/mancomun.gal\/es\/wp-json\/wp\/v2\/posts"}],"about":[{"href":"https:\/\/mancomun.gal\/es\/wp-json\/wp\/v2\/types\/post"}],"author":[{"embeddable":true,"href":"https:\/\/mancomun.gal\/es\/wp-json\/wp\/v2\/users\/5"}],"replies":[{"embeddable":true,"href":"https:\/\/mancomun.gal\/es\/wp-json\/wp\/v2\/comments?post=34656"}],"version-history":[{"count":1,"href":"https:\/\/mancomun.gal\/es\/wp-json\/wp\/v2\/posts\/34656\/revisions"}],"predecessor-version":[{"id":34657,"href":"https:\/\/mancomun.gal\/es\/wp-json\/wp\/v2\/posts\/34656\/revisions\/34657"}],"wp:featuredmedia":[{"embeddable":true,"href":"https:\/\/mancomun.gal\/es\/wp-json\/wp\/v2\/media\/242"}],"wp:attachment":[{"href":"https:\/\/mancomun.gal\/es\/wp-json\/wp\/v2\/media?parent=34656"}],"wp:term":[{"taxonomy":"category","embeddable":true,"href":"https:\/\/mancomun.gal\/es\/wp-json\/wp\/v2\/categories?post=34656"},{"taxonomy":"post_tag","embeddable":true,"href":"https:\/\/mancomun.gal\/es\/wp-json\/wp\/v2\/tags?post=34656"}],"curies":[{"name":"wp","href":"https:\/\/api.w.org\/{rel}","templated":true}]}}