{"id":34659,"date":"2006-04-21T08:53:18","date_gmt":"2006-04-21T06:53:18","guid":{"rendered":"https:\/\/mancomun.gal\/brasil-e-arxentina-incorporanse-a-rede-de-administracions-publicas-polo-software-libre\/"},"modified":"2023-05-09T14:57:48","modified_gmt":"2023-05-09T12:57:48","slug":"brasil-e-arxentina-incorporanse-a-rede-de-administracions-publicas-polo-software-libre","status":"publish","type":"post","link":"https:\/\/mancomun.gal\/es\/brasil-e-arxentina-incorporanse-a-rede-de-administracions-publicas-polo-software-libre\/","title":{"rendered":"Brasil e Arxentina incorp\u00f3ranse \u00e1 Rede de Administraci\u00f3ns P\u00fablicas polo Software Libre"},"content":{"rendered":"<div align=\"justify\"><a target=\"_blank\" href=\"http:\/\/www.lafarga.org\/\" rel=\"noopener\"><img loading=\"lazy\" decoding=\"async\" width=\"150\" vspace=\"5\" hspace=\"10\" height=\"138\" border=\"0\" align=\"right\" alt=\"La Farga\" src=\"https:\/\/mancomun.gal\/wp-content\/uploads\/2022\/09\/iconafargablmodificat2.previsualitza.png\" \/><\/a> Durante a primeira xornada do s\u00e9timo <a target=\"_blank\" href=\"http:\/\/fisl.softwarelivre.org\/7.0\/www\/\" rel=\"noopener\">Foro Internacional de Software Libre<\/a>  (FISL) que se celebra estes d\u00edas en Porto Alegre, Brasil e o Arxentina, ademais, dos  estados brasileiros de Paran\u00e1 e Sergipe e o concello de Itaja\u00ed-Brasil  anunciaron a s\u00faa incorporaci\u00f3n \u00e1 <a title=\"LaFarga.org\" target=\"_blank\" href=\"http:\/\/www.lafarga.org\/xarxa\/es\/presentacion\" rel=\"noopener\">Rede Internacional de Administraci\u00f3ns P\u00fablicas polo Software Libre<\/a><\/div>\n<p><\/p>\n<div align=\"justify\"> Marcelo Branco, coordinador da rede, cre que actualmente moitos gobernos de todo o mundo est\u00e1n desenvolvendo pol\u00edticas p\u00fablicas de fomento ao software libre, a\u00ednda que \u00abexiste pouca cooperaci\u00f3n entre estas experiencias gobernamentais, polo que \u00e9 necesario que nos inspiremos na l\u00f3xica do principal motivo do existencia da comunidade de software libre: a cooperaci\u00f3n\u00bb. <br \/> \u00a0<br \/> Fonte: <a href=\"http:\/\/www.lafarga.org\/node\/1138\">http:\/\/www.lafarga.org\/node\/1138<\/a><\/div>\n","protected":false},"excerpt":{"rendered":"<div align=\"justify\"><a target=\"_blank\" href=\"http:\/\/www.lafarga.org\/\" rel=\"noopener\"><img loading=\"lazy\" decoding=\"async\" width=\"150\" vspace=\"5\" hspace=\"10\" height=\"138\" border=\"0\" align=\"right\" alt=\"La Farga\" src=\"https:\/\/www.mancomun.gal\/wp-content\/uploads\/uploads\/pics\/stories\/iconafargablmodificat2.previsualitza.png\" \/><\/a> Durante a primeira xornada do s\u00e9timo <a target=\"_blank\" href=\"http:\/\/fisl.softwarelivre.org\/7.0\/www\/\" rel=\"noopener\">Foro Internacional de Software Libre<\/a>  (FISL) que se celebra estes d\u00edas en Porto Alegre, Brasil e o Arxentina, ademais, dos  estados brasileiros de Paran\u00e1 e Sergipe e o concello de Itaja\u00ed-Brasil  anunciaron a s\u00faa incorporaci\u00f3n \u00e1 <a title=\"LaFarga.org\" target=\"_blank\" href=\"http:\/\/www.lafarga.org\/xarxa\/es\/presentacion\" rel=\"noopener\">Rede Internacional de Administraci\u00f3ns P\u00fablicas polo Software Libre<\/a><\/div>\n","protected":false},"author":5,"featured_media":247,"comment_status":"open","ping_status":"open","sticky":false,"template":"","format":"standard","meta":{"footnotes":""},"categories":[],"tags":[],"class_list":["post-34659","post","type-post","status-publish","format-standard","has-post-thumbnail","hentry"],"acf":[],"_links":{"self":[{"href":"https:\/\/mancomun.gal\/es\/wp-json\/wp\/v2\/posts\/34659","targetHints":{"allow":["GET"]}}],"collection":[{"href":"https:\/\/mancomun.gal\/es\/wp-json\/wp\/v2\/posts"}],"about":[{"href":"https:\/\/mancomun.gal\/es\/wp-json\/wp\/v2\/types\/post"}],"author":[{"embeddable":true,"href":"https:\/\/mancomun.gal\/es\/wp-json\/wp\/v2\/users\/5"}],"replies":[{"embeddable":true,"href":"https:\/\/mancomun.gal\/es\/wp-json\/wp\/v2\/comments?post=34659"}],"version-history":[{"count":1,"href":"https:\/\/mancomun.gal\/es\/wp-json\/wp\/v2\/posts\/34659\/revisions"}],"predecessor-version":[{"id":34660,"href":"https:\/\/mancomun.gal\/es\/wp-json\/wp\/v2\/posts\/34659\/revisions\/34660"}],"wp:featuredmedia":[{"embeddable":true,"href":"https:\/\/mancomun.gal\/es\/wp-json\/wp\/v2\/media\/247"}],"wp:attachment":[{"href":"https:\/\/mancomun.gal\/es\/wp-json\/wp\/v2\/media?parent=34659"}],"wp:term":[{"taxonomy":"category","embeddable":true,"href":"https:\/\/mancomun.gal\/es\/wp-json\/wp\/v2\/categories?post=34659"},{"taxonomy":"post_tag","embeddable":true,"href":"https:\/\/mancomun.gal\/es\/wp-json\/wp\/v2\/tags?post=34659"}],"curies":[{"name":"wp","href":"https:\/\/api.w.org\/{rel}","templated":true}]}}