{"id":34666,"date":"2006-05-06T09:00:00","date_gmt":"2006-05-06T07:00:00","guid":{"rendered":"https:\/\/mancomun.gal\/a-udc-pora-en-marcha-unha-oficina-e-un-portal-de-software-libre\/"},"modified":"2023-05-09T14:57:50","modified_gmt":"2023-05-09T12:57:50","slug":"a-udc-pora-en-marcha-unha-oficina-e-un-portal-de-software-libre","status":"publish","type":"post","link":"https:\/\/mancomun.gal\/es\/a-udc-pora-en-marcha-unha-oficina-e-un-portal-de-software-libre\/","title":{"rendered":"A UDC por\u00e1 en marcha unha oficina e un portal de Software Libre"},"content":{"rendered":"<div align=\"justify\"><a title=\"Web da UDC\" target=\"_blank\" href=\"http:\/\/www.udc.es\" rel=\"noopener\"><img loading=\"lazy\" decoding=\"async\" width=\"102\" vspace=\"8\" hspace=\"10\" height=\"65\" border=\"0\" align=\"left\" alt=\"Logo da UDC\" title=\"Logo da UDC\" src=\"https:\/\/mancomun.gal\/wp-content\/uploads\/2022\/09\/ucorunha_web.png\" \/><\/a> O rector da UDC, Jos\u00e9 Mar\u00eda Barja, anunciou que a UDC ten previsto crear de xeito inminente unha Oficina de Software Libre, un portal web institucional e m\u00e1is a personalizaci\u00f3n dunha distribuci\u00f3n GNU\/Linux adaptada \u00e1s necesidades dos alumnos e profesores da UDC no idioma galego. &#8230;<\/div>\n<div align=\"justify\">O anuncio foi feito durante a presentaci\u00f3n oficial do <em>Libro Branco para o uso do software libre nos \u00e1mbitos da docencia, investigaci\u00f3n e administraci\u00f3n da Universidade da Coru\u00f1a.<\/em><\/div>\n<div align=\"justify\">\u00a0<\/div>\n<div align=\"justify\">Ademais, comentou que te\u00f1en creado un consorcio coa USC para traballar conxuntamente no desenvolvemento de ferramentas com\u00fans, principalmente para a xesti\u00f3n econ\u00f3mica de recursos humanos, baseadas en software libre. \u00c9 posible que a esta iniciativa se unan en breve a <a target=\"_blank\" href=\"http:\/\/www.uvigo.es\" rel=\"noopener\">Universidad de Vigo<\/a>  e m\u00e1is a <a target=\"_blank\" href=\"http:\/\/www.edu.xunta.es\" rel=\"noopener\">Conseller\u00eda de Educaci\u00f3n<\/a> .<\/div>\n<div align=\"justify\">\u00a0<\/div>\n<div align=\"justify\">Fonte: <a target=\"_blank\" href=\"http:\/\/www.codigocero.com\/nova.php?ID=6297\" rel=\"noopener\">C\u00f3digo Cero<\/a>\u00a0 <\/div>\n","protected":false},"excerpt":{"rendered":"<div align=\"justify\"><a title=\"Web da UDC\" target=\"_blank\" href=\"http:\/\/www.udc.es\" rel=\"noopener\"><img loading=\"lazy\" decoding=\"async\" width=\"102\" vspace=\"8\" hspace=\"10\" height=\"65\" border=\"0\" align=\"left\" alt=\"Logo da UDC\" title=\"Logo da UDC\" src=\"https:\/\/www.mancomun.gal\/wp-content\/uploads\/uploads\/pics\/stories\/ucorunha_web.png\" \/><\/a> O rector da UDC, Jos\u00e9 Mar\u00eda Barja, anunciou que a UDC ten previsto crear de xeito inminente unha Oficina de Software Libre, un portal web institucional e m\u00e1is a personalizaci\u00f3n dunha distribuci\u00f3n GNU\/Linux adaptada \u00e1s necesidades dos alumnos e profesores da UDC no idioma galego. &#8230;<\/div>\n<p><\/p>\n","protected":false},"author":5,"featured_media":252,"comment_status":"open","ping_status":"open","sticky":false,"template":"","format":"standard","meta":{"footnotes":""},"categories":[],"tags":[],"class_list":["post-34666","post","type-post","status-publish","format-standard","has-post-thumbnail","hentry"],"acf":[],"_links":{"self":[{"href":"https:\/\/mancomun.gal\/es\/wp-json\/wp\/v2\/posts\/34666","targetHints":{"allow":["GET"]}}],"collection":[{"href":"https:\/\/mancomun.gal\/es\/wp-json\/wp\/v2\/posts"}],"about":[{"href":"https:\/\/mancomun.gal\/es\/wp-json\/wp\/v2\/types\/post"}],"author":[{"embeddable":true,"href":"https:\/\/mancomun.gal\/es\/wp-json\/wp\/v2\/users\/5"}],"replies":[{"embeddable":true,"href":"https:\/\/mancomun.gal\/es\/wp-json\/wp\/v2\/comments?post=34666"}],"version-history":[{"count":1,"href":"https:\/\/mancomun.gal\/es\/wp-json\/wp\/v2\/posts\/34666\/revisions"}],"predecessor-version":[{"id":34667,"href":"https:\/\/mancomun.gal\/es\/wp-json\/wp\/v2\/posts\/34666\/revisions\/34667"}],"wp:featuredmedia":[{"embeddable":true,"href":"https:\/\/mancomun.gal\/es\/wp-json\/wp\/v2\/media\/252"}],"wp:attachment":[{"href":"https:\/\/mancomun.gal\/es\/wp-json\/wp\/v2\/media?parent=34666"}],"wp:term":[{"taxonomy":"category","embeddable":true,"href":"https:\/\/mancomun.gal\/es\/wp-json\/wp\/v2\/categories?post=34666"},{"taxonomy":"post_tag","embeddable":true,"href":"https:\/\/mancomun.gal\/es\/wp-json\/wp\/v2\/tags?post=34666"}],"curies":[{"name":"wp","href":"https:\/\/api.w.org\/{rel}","templated":true}]}}