{"id":34668,"date":"2006-05-02T10:42:16","date_gmt":"2006-05-02T08:42:16","guid":{"rendered":"https:\/\/mancomun.gal\/xornada-internacional-sobre-o-software-libre-na-industria-europea\/"},"modified":"2023-05-09T14:57:51","modified_gmt":"2023-05-09T12:57:51","slug":"xornada-internacional-sobre-o-software-libre-na-industria-europea","status":"publish","type":"post","link":"https:\/\/mancomun.gal\/es\/xornada-internacional-sobre-o-software-libre-na-industria-europea\/","title":{"rendered":"Xornada internacional sobre o Software Libre na industria europea."},"content":{"rendered":"<p align=\"justify\"><img loading=\"lazy\" decoding=\"async\" width=\"125\" vspace=\"0\" hspace=\"10\" height=\"75\" border=\"0\" align=\"right\" title=\"Logo do proxecto CALIBRE\" alt=\"Logo do proxecto CALIBRE\" src=\"https:\/\/mancomun.gal\/wp-content\/uploads\/2022\/09\/calibre.gif.png\" \/>O vindeiro d\u00eda 5 de Maio, ter\u00e1 lugar en Madrid, a xornada internacional sobre o Software Libre na industria europea, enmarcada no proxecto europeo <a target=\"_blank\" href=\"http:\/\/calibre.ie\/\" rel=\"noopener\">CALIBRE<\/a>.<\/p>\n<p align=\"justify\">O lugar escollido para o seu desenvolvemento son as dependencias do Ministerio de Industria, Turismo y Comercio, no  \t\t\tPaseo de la Castellana, 160 na Sala F. &#8230;<\/p>\n<p><\/p>\n<p align=\"justify\">Durante a xornada mostraranse as experiencias dalgunhas empresas espa\u00f1olas e europeas co Software Libre, e como se est\u00e1n a establecer as estratexias de cara ao futuro. Entre os participantes haber\u00e1 representantes de empresas como Telef\u00f3nica I+D, Vodafone, Telvent e Philips, de Universidades como a University of Limerick ou a University of Cambridge. <\/p>\n<p align=\"justify\">P\u00f3dese atopar o programa completo na seguinte <a target=\"_blank\" href=\"http:\/\/calibre.ie\/events\/madrid\/index.php\" rel=\"noopener\">ligaz\u00f3n<\/a> .<\/p>\n<p align=\"justify\"><a target=\"_blank\" href=\"http:\/\/www.opensourceworldconference.com\/malaga06\/es\/modules\/news\/article.php?storyid=458\" rel=\"noopener\">Fonte<\/a> . <\/p>\n","protected":false},"excerpt":{"rendered":"<p align=\"justify\"><img loading=\"lazy\" decoding=\"async\" width=\"125\" vspace=\"0\" hspace=\"10\" height=\"75\" border=\"0\" align=\"right\" title=\"Logo do proxecto CALIBRE\" alt=\"Logo do proxecto CALIBRE\" src=\"https:\/\/www.mancomun.gal\/wp-content\/uploads\/uploads\/pics\/stories\/calibre.gif.png\" \/>O vindeiro d\u00eda 5 de Maio, ter\u00e1 lugar en Madrid, a xornada internacional sobre o Software Libre na industria europea, enmarcada no proxecto europeo <a target=\"_blank\" href=\"http:\/\/calibre.ie\/\" rel=\"noopener\">CALIBRE<\/a>.<\/p>\n<p align=\"justify\">O lugar escollido para o seu desenvolvemento son as dependencias do Ministerio de Industria, Turismo y Comercio, no  \t\t\tPaseo de la Castellana, 160 na Sala F. &#8230;<\/p>\n","protected":false},"author":5,"featured_media":262,"comment_status":"open","ping_status":"open","sticky":false,"template":"","format":"standard","meta":{"footnotes":""},"categories":[],"tags":[],"class_list":["post-34668","post","type-post","status-publish","format-standard","has-post-thumbnail","hentry"],"acf":[],"_links":{"self":[{"href":"https:\/\/mancomun.gal\/es\/wp-json\/wp\/v2\/posts\/34668","targetHints":{"allow":["GET"]}}],"collection":[{"href":"https:\/\/mancomun.gal\/es\/wp-json\/wp\/v2\/posts"}],"about":[{"href":"https:\/\/mancomun.gal\/es\/wp-json\/wp\/v2\/types\/post"}],"author":[{"embeddable":true,"href":"https:\/\/mancomun.gal\/es\/wp-json\/wp\/v2\/users\/5"}],"replies":[{"embeddable":true,"href":"https:\/\/mancomun.gal\/es\/wp-json\/wp\/v2\/comments?post=34668"}],"version-history":[{"count":1,"href":"https:\/\/mancomun.gal\/es\/wp-json\/wp\/v2\/posts\/34668\/revisions"}],"predecessor-version":[{"id":34669,"href":"https:\/\/mancomun.gal\/es\/wp-json\/wp\/v2\/posts\/34668\/revisions\/34669"}],"wp:featuredmedia":[{"embeddable":true,"href":"https:\/\/mancomun.gal\/es\/wp-json\/wp\/v2\/media\/262"}],"wp:attachment":[{"href":"https:\/\/mancomun.gal\/es\/wp-json\/wp\/v2\/media?parent=34668"}],"wp:term":[{"taxonomy":"category","embeddable":true,"href":"https:\/\/mancomun.gal\/es\/wp-json\/wp\/v2\/categories?post=34668"},{"taxonomy":"post_tag","embeddable":true,"href":"https:\/\/mancomun.gal\/es\/wp-json\/wp\/v2\/tags?post=34668"}],"curies":[{"name":"wp","href":"https:\/\/api.w.org\/{rel}","templated":true}]}}