{"id":34670,"date":"2006-05-02T11:43:09","date_gmt":"2006-05-02T09:43:09","guid":{"rendered":"https:\/\/mancomun.gal\/nova-distribucion-gnulinux-para-a-xestion-empresarial\/"},"modified":"2006-05-02T11:43:09","modified_gmt":"2006-05-02T09:43:09","slug":"nova-distribucion-gnulinux-para-a-xestion-empresarial","status":"publish","type":"post","link":"https:\/\/mancomun.gal\/es\/nova-distribucion-gnulinux-para-a-xestion-empresarial\/","title":{"rendered":"Nova distribuci\u00f3n GNU\/Linux para a Xesti\u00f3n Empresarial"},"content":{"rendered":"<div align=\"justify\">O pasado 19 de abril, a Deputaci\u00f3n e a Asociaci\u00f3n de J\u00f3venes Empresarios de Ciudad Real, presentaron a distribuci\u00f3n \u00ab<font class=\"enlacetitular\"><a target=\"_blank\" title=\"DijexCR, GNU\/Linux para la pyme\" href=\"http:\/\/www.dijexcr.org\/\" rel=\"noopener\">DijexCR<\/a>, GNU\/linux para la pyme\u00bb.<br \/><\/font><br \/>O proxecto, promovido dende a Deputaci\u00f3n xunto coa Asociaci\u00f3n de J\u00f3venes Empresarios, quere facilitar aos novos empresarios o inicio da s\u00faa actividade. &#8230;<\/div>\n<p><\/p>\n<div align=\"justify\">Con esta iniciativa queren axudar a difundir o uso do Software Libre en t\u00f3dolos sectores sociais, a\u00ednda que centr\u00e1ndose principalmente nos empresarios, tanto polos posibles aforros nos custes como polas posibilidades de negocio que se abren con el.\u00a0<\/div>\n<div align=\"justify\">Esta distribuci\u00f3n estar\u00e1 a disposici\u00f3n dos x\u00f3ves ou novos empresarios de xeito gratuito e co soporte t\u00e9cnico necesario para o seu uso durante un ano. Por suposto, con actualizaci\u00f3ns permanentes a custe cero.<\/div>\n<div align=\"justify\">A distribuci\u00f3n de momento est\u00e1 dispo\u00f1ible para a s\u00faa descarga dende a <a title=\"DijexCR gnu\/linux para pyme\" target=\"_blank\" href=\"http:\/\/www.dijexcr.org\" rel=\"noopener\">web<\/a>  e o vindeiro d\u00eda 8 de maio comezar\u00e1 a ser repartida entre os empresarios de Ciudad Real que o soliciten.<\/div>\n<p align=\"justify\">Fonte: <a target=\"_blank\" title=\"Castilla - La Macha Innovaci\u00f3n\" href=\"http:\/\/www.clminnovacion.com\/actualidad\/noticias\/articulo.htm?REG=4640\" rel=\"noopener\">Castilla &#8211;\u00a0 La Mancha Innovaci\u00f3n<\/a> <\/p>\n","protected":false},"excerpt":{"rendered":"<div align=\"justify\">O pasado 19 de abril, a Deputaci\u00f3n e a Asociaci\u00f3n de J\u00f3venes Empresarios de Ciudad Real, presentaron a distribuci\u00f3n \u00ab<font class=\"enlacetitular\"><a target=\"_blank\" title=\"DijexCR, GNU\/Linux para la pyme\" href=\"http:\/\/www.dijexcr.org\/\" rel=\"noopener\">DijexCR<\/a>, GNU\/linux para la pyme\u00bb.<br \/><\/font><br \/>O proxecto, promovido dende a Deputaci\u00f3n xunto coa Asociaci\u00f3n de J\u00f3venes Empresarios, quere facilitar aos novos empresarios o inicio da s\u00faa actividade. &#8230;<\/div>\n","protected":false},"author":5,"featured_media":0,"comment_status":"open","ping_status":"open","sticky":false,"template":"","format":"standard","meta":{"footnotes":""},"categories":[],"tags":[],"class_list":["post-34670","post","type-post","status-publish","format-standard","hentry"],"acf":[],"_links":{"self":[{"href":"https:\/\/mancomun.gal\/es\/wp-json\/wp\/v2\/posts\/34670","targetHints":{"allow":["GET"]}}],"collection":[{"href":"https:\/\/mancomun.gal\/es\/wp-json\/wp\/v2\/posts"}],"about":[{"href":"https:\/\/mancomun.gal\/es\/wp-json\/wp\/v2\/types\/post"}],"author":[{"embeddable":true,"href":"https:\/\/mancomun.gal\/es\/wp-json\/wp\/v2\/users\/5"}],"replies":[{"embeddable":true,"href":"https:\/\/mancomun.gal\/es\/wp-json\/wp\/v2\/comments?post=34670"}],"version-history":[{"count":0,"href":"https:\/\/mancomun.gal\/es\/wp-json\/wp\/v2\/posts\/34670\/revisions"}],"wp:attachment":[{"href":"https:\/\/mancomun.gal\/es\/wp-json\/wp\/v2\/media?parent=34670"}],"wp:term":[{"taxonomy":"category","embeddable":true,"href":"https:\/\/mancomun.gal\/es\/wp-json\/wp\/v2\/categories?post=34670"},{"taxonomy":"post_tag","embeddable":true,"href":"https:\/\/mancomun.gal\/es\/wp-json\/wp\/v2\/tags?post=34670"}],"curies":[{"name":"wp","href":"https:\/\/api.w.org\/{rel}","templated":true}]}}