{"id":34678,"date":"2006-05-08T09:00:00","date_gmt":"2006-05-08T07:00:00","guid":{"rendered":"https:\/\/mancomun.gal\/open-document-aprobado-polos-membros-da-isoiec\/"},"modified":"2023-05-09T14:57:54","modified_gmt":"2023-05-09T12:57:54","slug":"open-document-aprobado-polos-membros-da-isoiec","status":"publish","type":"post","link":"https:\/\/mancomun.gal\/es\/open-document-aprobado-polos-membros-da-isoiec\/","title":{"rendered":"Open Document aprobado polos membros da ISO\/IEC"},"content":{"rendered":"<p align=\"justify\"><img loading=\"lazy\" decoding=\"async\" width=\"48\" hspace=\"5\" height=\"48\" border=\"0\" align=\"right\" alt=\"OpenDocument\" title=\"Logo do Open Document Format\" src=\"https:\/\/mancomun.gal\/wp-content\/uploads\/2022\/09\/unnamed-file.odf.png\" \/>O d\u00eda 1 de maio remataba o prazo para a votaci\u00f3n sobre a adopci\u00f3n do formato ODF pola ISO. \u00c1 medianoite anunciose internamente que o ODF fora aprobado polos membros da ISO. A votaci\u00f3n tivo unha ampla participaci\u00f3n e ning\u00fan voto en contra a\u00ednda que si houbo abstenci\u00f3ns&#8230;<\/p>\n<p><\/p>\n<p align=\"justify\">O ODF \u00e9 agora o ISO\/IEC 26300. Faltan a\u00ednda alg\u00fans pasos internos de procedemento para a sa\u00edda do est\u00e1ndar oficial, pero son nada m\u00e1is que formalidades. <\/p>\n<p align=\"justify\">Coa adopci\u00f3n do ODF como est\u00e1ndar ISO, o software que o implemente converterase de seguro nunha alternativa m\u00e1is atractiva para moitos gobernos sensibilizados sobre o tema da adopci\u00f3n de est\u00e1ndares, como pode ser o caso do Europeo. <\/p>\n<p><a target=\"_blank\" title=\"ODF aprobado pola ISO\" href=\"http:\/\/www.consortiuminfo.org\/standardsblog\/article.php?story=20060503080915835\" rel=\"noopener\">Fonte<\/a> .\u00a0<\/p>\n","protected":false},"excerpt":{"rendered":"<p align=\"justify\"><img loading=\"lazy\" decoding=\"async\" width=\"48\" hspace=\"5\" height=\"48\" border=\"0\" align=\"right\" alt=\"OpenDocument\" title=\"Logo do Open Document Format\" src=\"https:\/\/www.mancomun.gal\/wp-content\/uploads\/uploads\/pics\/stories\/odf.png\" \/>O d\u00eda 1 de maio remataba o prazo para a votaci\u00f3n sobre a adopci\u00f3n do formato ODF pola ISO. \u00c1 medianoite anunciose internamente que o ODF fora aprobado polos membros da ISO. A votaci\u00f3n tivo unha ampla participaci\u00f3n e ning\u00fan voto en contra a\u00ednda que si houbo abstenci\u00f3ns&#8230;<\/p>\n","protected":false},"author":5,"featured_media":278,"comment_status":"open","ping_status":"open","sticky":false,"template":"","format":"standard","meta":{"footnotes":""},"categories":[],"tags":[],"class_list":["post-34678","post","type-post","status-publish","format-standard","has-post-thumbnail","hentry"],"acf":[],"_links":{"self":[{"href":"https:\/\/mancomun.gal\/es\/wp-json\/wp\/v2\/posts\/34678","targetHints":{"allow":["GET"]}}],"collection":[{"href":"https:\/\/mancomun.gal\/es\/wp-json\/wp\/v2\/posts"}],"about":[{"href":"https:\/\/mancomun.gal\/es\/wp-json\/wp\/v2\/types\/post"}],"author":[{"embeddable":true,"href":"https:\/\/mancomun.gal\/es\/wp-json\/wp\/v2\/users\/5"}],"replies":[{"embeddable":true,"href":"https:\/\/mancomun.gal\/es\/wp-json\/wp\/v2\/comments?post=34678"}],"version-history":[{"count":1,"href":"https:\/\/mancomun.gal\/es\/wp-json\/wp\/v2\/posts\/34678\/revisions"}],"predecessor-version":[{"id":34679,"href":"https:\/\/mancomun.gal\/es\/wp-json\/wp\/v2\/posts\/34678\/revisions\/34679"}],"wp:featuredmedia":[{"embeddable":true,"href":"https:\/\/mancomun.gal\/es\/wp-json\/wp\/v2\/media\/278"}],"wp:attachment":[{"href":"https:\/\/mancomun.gal\/es\/wp-json\/wp\/v2\/media?parent=34678"}],"wp:term":[{"taxonomy":"category","embeddable":true,"href":"https:\/\/mancomun.gal\/es\/wp-json\/wp\/v2\/categories?post=34678"},{"taxonomy":"post_tag","embeddable":true,"href":"https:\/\/mancomun.gal\/es\/wp-json\/wp\/v2\/tags?post=34678"}],"curies":[{"name":"wp","href":"https:\/\/api.w.org\/{rel}","templated":true}]}}