{"id":34687,"date":"2006-05-09T12:51:05","date_gmt":"2006-05-09T10:51:05","guid":{"rendered":"https:\/\/mancomun.gal\/iniciativa-estandaresabiertos-org\/"},"modified":"2006-05-09T12:51:05","modified_gmt":"2006-05-09T10:51:05","slug":"iniciativa-estandaresabiertos-org","status":"publish","type":"post","link":"https:\/\/mancomun.gal\/es\/iniciativa-estandaresabiertos-org\/","title":{"rendered":"Iniciativa estandaresabiertos.org"},"content":{"rendered":"<p align=\"justify\">Lanzouse a iniciativa <a target=\"_blank\" title=\"Iniciativa estandaresabiertos.org\" href=\"http:\/\/www.estandaresabiertos.org\" rel=\"noopener\">www.estandaresabiertos.org<\/a>   co obxectivo de avanzar no desenvolvemento de novos est\u00e1ndares abertos para todo tipo de aplicaci\u00f3ns. Desta maneira poder\u00edase avanzar na interoperabilidade das aplicaci\u00f3ns, chegando a posibilidade de ter t\u00f3dalas \u00e1reas cubertas con Software Libre, evitando as\u00ed as trabas que impo\u00f1en as aplicaci\u00f3ns privativas.<\/p>\n<div align=\"justify\"> <\/div>\n<div align=\"justify\"> <\/div>\n<p align=\"justify\">Solicitan apoio para o seu manifesto en prol dos est\u00e1ndares abertos, que pode ser apoiado de forma individual ou por parte de\u00a0 representantes de organizaci\u00f3ns sociais, profesionais ou acad\u00e9micas.<\/p>\n<p><\/p>\n","protected":false},"excerpt":{"rendered":"<p align=\"justify\">Lanzouse a iniciativa <a target=\"_blank\" title=\"Iniciativa estandaresabiertos.org\" href=\"http:\/\/www.estandaresabiertos.org\" rel=\"noopener\">www.estandaresabiertos.org<\/a>   co obxectivo de avanzar no desenvolvemento de novos est\u00e1ndares abertos para todo tipo de aplicaci\u00f3ns. Desta maneira poder\u00edase avanzar na interoperabilidade das aplicaci\u00f3ns, chegando a posibilidade de ter t\u00f3dalas \u00e1reas cubertas con Software Libre, evitando as\u00ed as trabas que impo\u00f1en as aplicaci\u00f3ns privativas.<\/p>\n<div align=\"justify\"> <\/div>\n<div align=\"justify\"> <\/div>\n<p align=\"justify\">Solicitan apoio para o seu manifesto en prol dos est\u00e1ndares abertos, que pode ser apoiado de forma individual ou por parte de\u00a0 representantes de organizaci\u00f3ns sociais, profesionais ou acad\u00e9micas.<\/p>\n","protected":false},"author":5,"featured_media":0,"comment_status":"open","ping_status":"open","sticky":false,"template":"","format":"standard","meta":{"footnotes":""},"categories":[],"tags":[],"class_list":["post-34687","post","type-post","status-publish","format-standard","hentry"],"acf":[],"_links":{"self":[{"href":"https:\/\/mancomun.gal\/es\/wp-json\/wp\/v2\/posts\/34687","targetHints":{"allow":["GET"]}}],"collection":[{"href":"https:\/\/mancomun.gal\/es\/wp-json\/wp\/v2\/posts"}],"about":[{"href":"https:\/\/mancomun.gal\/es\/wp-json\/wp\/v2\/types\/post"}],"author":[{"embeddable":true,"href":"https:\/\/mancomun.gal\/es\/wp-json\/wp\/v2\/users\/5"}],"replies":[{"embeddable":true,"href":"https:\/\/mancomun.gal\/es\/wp-json\/wp\/v2\/comments?post=34687"}],"version-history":[{"count":0,"href":"https:\/\/mancomun.gal\/es\/wp-json\/wp\/v2\/posts\/34687\/revisions"}],"wp:attachment":[{"href":"https:\/\/mancomun.gal\/es\/wp-json\/wp\/v2\/media?parent=34687"}],"wp:term":[{"taxonomy":"category","embeddable":true,"href":"https:\/\/mancomun.gal\/es\/wp-json\/wp\/v2\/categories?post=34687"},{"taxonomy":"post_tag","embeddable":true,"href":"https:\/\/mancomun.gal\/es\/wp-json\/wp\/v2\/tags?post=34687"}],"curies":[{"name":"wp","href":"https:\/\/api.w.org\/{rel}","templated":true}]}}