{"id":34690,"date":"2006-05-10T09:26:46","date_gmt":"2006-05-10T07:26:46","guid":{"rendered":"https:\/\/mancomun.gal\/nace-mancomun-org-iniciativa-galega-polo-software-libre\/"},"modified":"2006-05-10T09:26:46","modified_gmt":"2006-05-10T07:26:46","slug":"nace-mancomun-org-iniciativa-galega-polo-software-libre","status":"publish","type":"post","link":"https:\/\/mancomun.gal\/es\/nace-mancomun-org-iniciativa-galega-polo-software-libre\/","title":{"rendered":"Nace mancomun.org &#8211; Iniciativa Galega polo Software Libre"},"content":{"rendered":"<p align=\"justify\" style=\"margin-bottom: 0cm\"><strong><em>Actualizaci\u00f3n<\/em><\/strong>: Descarga (<a href=\"images\/slg_presentacion_elenav05.odp\">odt <\/a> , <a href=\"images\/slg_presentacion_elenav05.pdf\">pdf<\/a>) da presentaci\u00f3n da Directora Xeral de Promoci\u00f3n Industrial e da Sociedade da Informaci\u00f3n, Elena Veiguela Mart\u00ednez.<\/p>\n<p align=\"justify\" style=\"margin-bottom: 0cm\">A Xunta de Galicia, a trav\u00e9s da s\u00faa <a target=\"_blank\" href=\"http:\/\/www.xunta.es\/conselle\/in\/\" rel=\"noopener\">Conseller\u00eda de Innovaci\u00f3n e Industria<\/a> , presenta hoxe \u00e1s 12:00, no Sal\u00f3n Pequeno (n\u00famero 2) de San Caetano en Santiago de Compostela, \u201cmancomun.org \u2013 Iniciativa Galega polo Software Libre\u201d. O acto estar\u00e1 presidido por Fernando Xavier Blanco \u00c1lvarez, Conselleiro de Innovaci\u00f3n e Industria, que explicar\u00e1 as principais li\u00f1as de traballo da Conseller\u00eda en materia de Software Libre. A continuaci\u00f3n, a Directora Xeral de Promoci\u00f3n Industrial e da Sociedade da Informaci\u00f3n, Elena Veiguela Mart\u00ednez, presentar\u00e1 os principais datos do \u201c<a target=\"_blank\" href=\"index.php\/content\/view\/91\/88\/\" rel=\"noopener\">Estudo sobre a implantaci\u00f3n do Software Libre en Galiza<\/a> \u201d.<\/p>\n<p align=\"justify\" style=\"margin-bottom: 0cm\">\n<p align=\"justify\" style=\"margin-bottom: 0cm\">Segundo a [[galipedia]] (a wikipedia en galego), <em>\u00dasase  o termo mancom\u00fan para referirse a unha uni\u00f3n de persoas, esforzos, intereses,  instituci\u00f3ns  ou cousas para acadar un determinado fin com\u00fan, ou atender servizos e problemas com\u00fans.<\/em>&#8230;<\/p>\n<p align=\"justify\" style=\"margin-bottom: 0cm\">   \t \t \t \t \t \t \t<!-- \t\t@page { size: 21cm 29.7cm; margin: 2cm } \t\tP { margin-bottom: 0.21cm } \t--> \t  <\/p>\n<p align=\"justify\" style=\"margin-bottom: 0cm\">Neste sentido, \u00abmancomun.org &#8211; Iniciativa Galega polo Software Libre\u00bb nace coa intenci\u00f3n de ser un punto de encontro dos diferentes proxectos e actividades sobre Software Libre que se est\u00e1n a desenvolver na nosa comunidade. Pretende, ademais, ser un espazo de traballo conxunto que integre e dinamice aos diferentes axentes que est\u00e1n a traballar neste eido en Galiza: empresas, universidades e centros de ensino, concellos, asociaci\u00f3ns, etc. Esta iniciativa forma parte da campa\u00f1a <a target=\"_blank\" href=\"http:\/\/www.maisinternetmaisgalego.org\/\" rel=\"noopener\">M\u00e1is Internet, m\u00e1is galego, m\u00e1is futuro<\/a>  que comezou, o pasado 2 de maio, a Conseller\u00eda de Innovaci\u00f3n e Industria.<\/p>\n<p>   \u00a0 \u00a0 <\/p>\n","protected":false},"excerpt":{"rendered":"<p align=\"justify\" style=\"margin-bottom: 0cm\"><strong><em>Actualizaci\u00f3n<\/em><\/strong>: Descarga (<a href=\"images\/slg_presentacion_elenav05.odp\">odt <\/a> , <a href=\"images\/slg_presentacion_elenav05.pdf\">pdf<\/a>) da presentaci\u00f3n da Directora Xeral de Promoci\u00f3n Industrial e da Sociedade da Informaci\u00f3n, Elena Veiguela Mart\u00ednez.<\/p>\n<p align=\"justify\" style=\"margin-bottom: 0cm\">A Xunta de Galicia, a trav\u00e9s da s\u00faa <a target=\"_blank\" href=\"http:\/\/www.xunta.es\/conselle\/in\/\" rel=\"noopener\">Conseller\u00eda de Innovaci\u00f3n e Industria<\/a> , presenta hoxe \u00e1s 12:00, no Sal\u00f3n Pequeno (n\u00famero 2) de San Caetano en Santiago de Compostela, \u201cmancomun.org \u2013 Iniciativa Galega polo Software Libre\u201d. O acto estar\u00e1 presidido por Fernando Xavier Blanco \u00c1lvarez, Conselleiro de Innovaci\u00f3n e Industria, que explicar\u00e1 as principais li\u00f1as de traballo da Conseller\u00eda en materia de Software Libre. A continuaci\u00f3n, a Directora Xeral de Promoci\u00f3n Industrial e da Sociedade da Informaci\u00f3n, Elena Veiguela Mart\u00ednez, presentar\u00e1 os principais datos do \u201c<a target=\"_blank\" href=\"index.php\/content\/view\/91\/88\/\" rel=\"noopener\">Estudo sobre a implantaci\u00f3n do Software Libre en Galiza<\/a> \u201d.<\/p>\n<p align=\"justify\" style=\"margin-bottom: 0cm\">\n<p align=\"justify\" style=\"margin-bottom: 0cm\">Segundo a [[galipedia]] (a wikipedia en galego), <em>\u00dasase  o termo mancom\u00fan para referirse a unha uni\u00f3n de persoas, esforzos, intereses,  instituci\u00f3ns  ou cousas para acadar un determinado fin com\u00fan, ou atender servizos e problemas com\u00fans.<\/em>&#8230;<\/p>\n<p align=\"justify\" style=\"margin-bottom: 0cm\">   \t \t \t \t \t \t \t<!-- \t\t@page { size: 21cm 29.7cm; margin: 2cm } \t\tP { margin-bottom: 0.21cm } \t--> \t  <\/p>\n<p align=\"justify\" style=\"margin-bottom: 0cm\">Neste sentido, \u00abmancomun.org &#8211; Iniciativa Galega polo Software Libre\u00bb nace coa intenci\u00f3n de ser un punto de encontro dos diferentes proxectos e actividades sobre Software Libre que se est\u00e1n a desenvolver na nosa comunidade. Pretende, ademais, ser un espazo de traballo conxunto que integre e dinamice aos diferentes axentes que est\u00e1n a traballar neste eido en Galiza: empresas, universidades e centros de ensino, concellos, asociaci\u00f3ns, etc. Esta iniciativa forma parte da campa\u00f1a <a target=\"_blank\" href=\"http:\/\/www.maisinternetmaisgalego.org\/\" rel=\"noopener\">M\u00e1is Internet, m\u00e1is galego, m\u00e1is futuro<\/a>  que comezou, o pasado 2 de maio, a Conseller\u00eda de Innovaci\u00f3n e Industria.<\/p>\n<p>   \u00a0 \u00a0<\/p>\n","protected":false},"author":5,"featured_media":0,"comment_status":"open","ping_status":"open","sticky":false,"template":"","format":"standard","meta":{"footnotes":""},"categories":[],"tags":[],"class_list":["post-34690","post","type-post","status-publish","format-standard","hentry"],"acf":[],"_links":{"self":[{"href":"https:\/\/mancomun.gal\/es\/wp-json\/wp\/v2\/posts\/34690","targetHints":{"allow":["GET"]}}],"collection":[{"href":"https:\/\/mancomun.gal\/es\/wp-json\/wp\/v2\/posts"}],"about":[{"href":"https:\/\/mancomun.gal\/es\/wp-json\/wp\/v2\/types\/post"}],"author":[{"embeddable":true,"href":"https:\/\/mancomun.gal\/es\/wp-json\/wp\/v2\/users\/5"}],"replies":[{"embeddable":true,"href":"https:\/\/mancomun.gal\/es\/wp-json\/wp\/v2\/comments?post=34690"}],"version-history":[{"count":0,"href":"https:\/\/mancomun.gal\/es\/wp-json\/wp\/v2\/posts\/34690\/revisions"}],"wp:attachment":[{"href":"https:\/\/mancomun.gal\/es\/wp-json\/wp\/v2\/media?parent=34690"}],"wp:term":[{"taxonomy":"category","embeddable":true,"href":"https:\/\/mancomun.gal\/es\/wp-json\/wp\/v2\/categories?post=34690"},{"taxonomy":"post_tag","embeddable":true,"href":"https:\/\/mancomun.gal\/es\/wp-json\/wp\/v2\/tags?post=34690"}],"curies":[{"name":"wp","href":"https:\/\/api.w.org\/{rel}","templated":true}]}}