{"id":34694,"date":"2006-05-11T11:47:03","date_gmt":"2006-05-11T09:47:03","guid":{"rendered":"https:\/\/mancomun.gal\/segue-crecendo-a-rede-de-administracions-publicas-para-o-software-libre\/"},"modified":"2023-05-09T14:58:06","modified_gmt":"2023-05-09T12:58:06","slug":"segue-crecendo-a-rede-de-administracions-publicas-para-o-software-libre","status":"publish","type":"post","link":"https:\/\/mancomun.gal\/es\/segue-crecendo-a-rede-de-administracions-publicas-para-o-software-libre\/","title":{"rendered":"Segue crecendo a Rede de Administraci\u00f3ns P\u00fablicas para o Software Libre"},"content":{"rendered":"<div align=\"justify\"><a target=\"_blank\" href=\"http:\/\/www.lafarga.org\/xarxa\/\" rel=\"noopener\"><img loading=\"lazy\" decoding=\"async\" width=\"75\" hspace=\"5\" height=\"69\" border=\"0\" align=\"left\" alt=\"Logo La Farga\" src=\"https:\/\/mancomun.gal\/wp-content\/uploads\/2022\/09\/iconafargablmodificat2.previsualitza.png\" \/><\/a>  O Goberno de Arag\u00f3n e o Concello de Zaragoza incorp\u00f3ranse \u00e1 <a target=\"_blank\" href=\"http:\/\/www.lafarga.org\/xarxa\/\" rel=\"noopener\">Rede Internacional de Administraci\u00f3ns P\u00fablicas para o Software Libre<\/a>. Durante o pasado mes de marzo, a Xunta de Galicia xa se incorporara a esta rede, a trav\u00e9s da\u00a0 Conseller\u00eda de Innovaci\u00f3n e Industria.  <\/div>\n<p><\/p>\n<p align=\"justify\">Esta iniciativa busca compartir as experiencias t\u00e9cnicas no \u00e1mbito das pol\u00edticas p\u00fablicas das administraci\u00f3ns en relaci\u00f3n co software libre, o que aparece reflectido no seu lema: \u00abNuestro desaf\u00edo es cooperar\u00bb.<\/p>\n<p align=\"justify\">Neste intre, a iniciativa conta con m\u00e1is de trinta administraci\u00f3ns de rexi\u00f3ns aut\u00f3nomas de Espa\u00f1a, Europa e Am\u00e9rica Latina: <a target=\"_blank\" href=\"http:\/\/www.lafarga.org\/xarxa\/\u00e9\/participantes\" rel=\"noopener\">http:\/\/www.lafarga.org\/xarxa\/\u00e9\/participantes<\/a> <\/p>\n","protected":false},"excerpt":{"rendered":"<div align=\"justify\"><a target=\"_blank\" href=\"http:\/\/www.lafarga.org\/xarxa\/\" rel=\"noopener\"><img loading=\"lazy\" decoding=\"async\" width=\"75\" hspace=\"5\" height=\"69\" border=\"0\" align=\"left\" alt=\"Logo La Farga\" src=\"https:\/\/www.mancomun.gal\/wp-content\/uploads\/uploads\/pics\/stories\/iconafargablmodificat2.previsualitza.png\" \/><\/a>  O Goberno de Arag\u00f3n e o Concello de Zaragoza incorp\u00f3ranse \u00e1 <a target=\"_blank\" href=\"http:\/\/www.lafarga.org\/xarxa\/\" rel=\"noopener\">Rede Internacional de Administraci\u00f3ns P\u00fablicas para o Software Libre<\/a>. Durante o pasado mes de marzo, a Xunta de Galicia xa se incorporara a esta rede, a trav\u00e9s da\u00a0 Conseller\u00eda de Innovaci\u00f3n e Industria.  <\/div>\n","protected":false},"author":5,"featured_media":247,"comment_status":"open","ping_status":"open","sticky":false,"template":"","format":"standard","meta":{"footnotes":""},"categories":[],"tags":[],"class_list":["post-34694","post","type-post","status-publish","format-standard","has-post-thumbnail","hentry"],"acf":[],"_links":{"self":[{"href":"https:\/\/mancomun.gal\/es\/wp-json\/wp\/v2\/posts\/34694","targetHints":{"allow":["GET"]}}],"collection":[{"href":"https:\/\/mancomun.gal\/es\/wp-json\/wp\/v2\/posts"}],"about":[{"href":"https:\/\/mancomun.gal\/es\/wp-json\/wp\/v2\/types\/post"}],"author":[{"embeddable":true,"href":"https:\/\/mancomun.gal\/es\/wp-json\/wp\/v2\/users\/5"}],"replies":[{"embeddable":true,"href":"https:\/\/mancomun.gal\/es\/wp-json\/wp\/v2\/comments?post=34694"}],"version-history":[{"count":1,"href":"https:\/\/mancomun.gal\/es\/wp-json\/wp\/v2\/posts\/34694\/revisions"}],"predecessor-version":[{"id":34695,"href":"https:\/\/mancomun.gal\/es\/wp-json\/wp\/v2\/posts\/34694\/revisions\/34695"}],"wp:featuredmedia":[{"embeddable":true,"href":"https:\/\/mancomun.gal\/es\/wp-json\/wp\/v2\/media\/247"}],"wp:attachment":[{"href":"https:\/\/mancomun.gal\/es\/wp-json\/wp\/v2\/media?parent=34694"}],"wp:term":[{"taxonomy":"category","embeddable":true,"href":"https:\/\/mancomun.gal\/es\/wp-json\/wp\/v2\/categories?post=34694"},{"taxonomy":"post_tag","embeddable":true,"href":"https:\/\/mancomun.gal\/es\/wp-json\/wp\/v2\/tags?post=34694"}],"curies":[{"name":"wp","href":"https:\/\/api.w.org\/{rel}","templated":true}]}}