{"id":34717,"date":"2006-05-11T18:46:54","date_gmt":"2006-05-11T16:46:54","guid":{"rendered":"https:\/\/mancomun.gal\/ies-chan-do-monte-caso-de-exito-con-software-libre\/"},"modified":"2023-05-09T15:02:52","modified_gmt":"2023-05-09T13:02:52","slug":"ies-chan-do-monte-caso-de-exito-con-software-libre","status":"publish","type":"post","link":"https:\/\/mancomun.gal\/es\/ies-chan-do-monte-caso-de-exito-con-software-libre\/","title":{"rendered":"IES Chan do Monte: Caso de \u00e9xito con Software Libre"},"content":{"rendered":"<div align=\"justify\"><img loading=\"lazy\" decoding=\"async\" width=\"118\" hspace=\"5\" height=\"96\" border=\"0\" align=\"left\" alt=\"Logo IES Chan do Monte\" src=\"https:\/\/mancomun.gal\/wp-content\/uploads\/2022\/09\/logoiescdm25.png\" \/> O <a target=\"_blank\" href=\"http:\/\/www.ieschandomonte.edu.es\/\" rel=\"noopener\">Instituto de Ensino Secundario Chan do Monte<\/a> de Mar\u00edn \u00e9 un centro que conta con varios ciclos de FP, ademais de ESO e Bacharelato, entre outros. Durante o curso 2005\/2006 fixeron unha implantaci\u00f3n de Software Libre, previa planificaci\u00f3n para a s\u00faa adopci\u00f3n. Os principais motivos que os levaron a tomar esta decisi\u00f3n foron econ\u00f3micos e a obriga de cumprir coa legalidade nas licenzas de software.<\/div>\n<p><\/p>\n<p align=\"justify\">O plan de implantaci\u00f3n incluiu clientes e servidores (m\u00e1is de 200 PCs) e, actualmente, o instituto funciona de forma efectiva, cumprindo 100% a legalidade e aforrando nos custes de licenzas. Nos servidores te\u00f1en implantado multitude de servizos para uso de profesores e alumnos, tanto dende o propio centro como dende a casa.<\/p>\n<p align=\"justify\">M\u00e1is informaci\u00f3n: Nos <a href=\"https:\/\/www.mancomun.gal\/index.php\/component\/option,com_joomlaboard\/Itemid,34\/func,view\/id,19\/catid,9\">foros<\/a>  de mancomun.org\u00a0<\/p>\n","protected":false},"excerpt":{"rendered":"<div align=\"justify\"><img loading=\"lazy\" decoding=\"async\" width=\"118\" hspace=\"5\" height=\"96\" border=\"0\" align=\"left\" alt=\"Logo IES Chan do Monte\" src=\"https:\/\/www.mancomun.gal\/wp-content\/uploads\/uploads\/pics\/stories\/logoiescdm25.png\" \/> O <a target=\"_blank\" href=\"http:\/\/www.ieschandomonte.edu.es\/\" rel=\"noopener\">Instituto de Ensino Secundario Chan do Monte<\/a> de Mar\u00edn \u00e9 un centro que conta con varios ciclos de FP, ademais de ESO e Bacharelato, entre outros. Durante o curso 2005\/2006 fixeron unha implantaci\u00f3n de Software Libre, previa planificaci\u00f3n para a s\u00faa adopci\u00f3n. Os principais motivos que os levaron a tomar esta decisi\u00f3n foron econ\u00f3micos e a obriga de cumprir coa legalidade nas licenzas de software.<\/div>\n","protected":false},"author":5,"featured_media":331,"comment_status":"open","ping_status":"open","sticky":false,"template":"","format":"standard","meta":{"footnotes":""},"categories":[],"tags":[],"class_list":["post-34717","post","type-post","status-publish","format-standard","has-post-thumbnail","hentry"],"acf":[],"_links":{"self":[{"href":"https:\/\/mancomun.gal\/es\/wp-json\/wp\/v2\/posts\/34717","targetHints":{"allow":["GET"]}}],"collection":[{"href":"https:\/\/mancomun.gal\/es\/wp-json\/wp\/v2\/posts"}],"about":[{"href":"https:\/\/mancomun.gal\/es\/wp-json\/wp\/v2\/types\/post"}],"author":[{"embeddable":true,"href":"https:\/\/mancomun.gal\/es\/wp-json\/wp\/v2\/users\/5"}],"replies":[{"embeddable":true,"href":"https:\/\/mancomun.gal\/es\/wp-json\/wp\/v2\/comments?post=34717"}],"version-history":[{"count":1,"href":"https:\/\/mancomun.gal\/es\/wp-json\/wp\/v2\/posts\/34717\/revisions"}],"predecessor-version":[{"id":34718,"href":"https:\/\/mancomun.gal\/es\/wp-json\/wp\/v2\/posts\/34717\/revisions\/34718"}],"wp:featuredmedia":[{"embeddable":true,"href":"https:\/\/mancomun.gal\/es\/wp-json\/wp\/v2\/media\/331"}],"wp:attachment":[{"href":"https:\/\/mancomun.gal\/es\/wp-json\/wp\/v2\/media?parent=34717"}],"wp:term":[{"taxonomy":"category","embeddable":true,"href":"https:\/\/mancomun.gal\/es\/wp-json\/wp\/v2\/categories?post=34717"},{"taxonomy":"post_tag","embeddable":true,"href":"https:\/\/mancomun.gal\/es\/wp-json\/wp\/v2\/tags?post=34717"}],"curies":[{"name":"wp","href":"https:\/\/api.w.org\/{rel}","templated":true}]}}