{"id":34722,"date":"2006-05-15T09:47:21","date_gmt":"2006-05-15T07:47:21","guid":{"rendered":"https:\/\/mancomun.gal\/curso-fip-de-programacion-baixo-gnulinux\/"},"modified":"2006-05-15T09:47:21","modified_gmt":"2006-05-15T07:47:21","slug":"curso-fip-de-programacion-baixo-gnulinux","status":"publish","type":"post","link":"https:\/\/mancomun.gal\/es\/curso-fip-de-programacion-baixo-gnulinux\/","title":{"rendered":"Curso FIP de programacion baixo GNU\/Linux"},"content":{"rendered":"<div align=\"justify\">A partir do mes de xu\u00f1o dar\u00e1 comezo en Ferrol o curso Programaci\u00f3n de aplicaci\u00f3ns inform\u00e1ticas en plataformas de fonte aberta. Con car\u00e1cter experimental, ser\u00e1 o primeiro curso destas caracter\u00edsticas que se realiza en todo o estado&#8230;<\/div>\n<p><\/p>\n<p align=\"justify\">A actividade formativa, cunha duraci\u00f3n de m\u00e1is de 500 horas, vai dirixida a persoas desempregadas e est\u00e1 promovida pola Conseller\u00eda de Traballo e cofinanciada polo Fondo Social Europeo. O programa enm\u00e1rcase dentro das iniciativas que se ve\u00f1en tomando pola Xunta para potenciar o Software Libre coa intenci\u00f3n de adaptar a oferta formativa \u00e1 demanda existente para este tipo de plataformas abertas.<\/p>\n<p>\u00a0<\/p>\n<p>Fonte: <a target=\"_blank\" title=\"WEB GLUG\" href=\"http:\/\/www.glug.es\/node\/252\" rel=\"noopener\">GLUG<\/a> \u00a0<\/p>\n","protected":false},"excerpt":{"rendered":"<div align=\"justify\">A partir do mes de xu\u00f1o dar\u00e1 comezo en Ferrol o curso Programaci\u00f3n de aplicaci\u00f3ns inform\u00e1ticas en plataformas de fonte aberta. Con car\u00e1cter experimental, ser\u00e1 o primeiro curso destas caracter\u00edsticas que se realiza en todo o estado&#8230;<\/div>\n","protected":false},"author":5,"featured_media":0,"comment_status":"open","ping_status":"open","sticky":false,"template":"","format":"standard","meta":{"footnotes":""},"categories":[],"tags":[],"class_list":["post-34722","post","type-post","status-publish","format-standard","hentry"],"acf":[],"_links":{"self":[{"href":"https:\/\/mancomun.gal\/es\/wp-json\/wp\/v2\/posts\/34722","targetHints":{"allow":["GET"]}}],"collection":[{"href":"https:\/\/mancomun.gal\/es\/wp-json\/wp\/v2\/posts"}],"about":[{"href":"https:\/\/mancomun.gal\/es\/wp-json\/wp\/v2\/types\/post"}],"author":[{"embeddable":true,"href":"https:\/\/mancomun.gal\/es\/wp-json\/wp\/v2\/users\/5"}],"replies":[{"embeddable":true,"href":"https:\/\/mancomun.gal\/es\/wp-json\/wp\/v2\/comments?post=34722"}],"version-history":[{"count":0,"href":"https:\/\/mancomun.gal\/es\/wp-json\/wp\/v2\/posts\/34722\/revisions"}],"wp:attachment":[{"href":"https:\/\/mancomun.gal\/es\/wp-json\/wp\/v2\/media?parent=34722"}],"wp:term":[{"taxonomy":"category","embeddable":true,"href":"https:\/\/mancomun.gal\/es\/wp-json\/wp\/v2\/categories?post=34722"},{"taxonomy":"post_tag","embeddable":true,"href":"https:\/\/mancomun.gal\/es\/wp-json\/wp\/v2\/tags?post=34722"}],"curies":[{"name":"wp","href":"https:\/\/api.w.org\/{rel}","templated":true}]}}