{"id":34727,"date":"2006-05-15T13:55:25","date_gmt":"2006-05-15T11:55:25","guid":{"rendered":"https:\/\/mancomun.gal\/xornada-sobre-software-libre-no-dia-de-internet\/"},"modified":"2006-05-15T13:55:25","modified_gmt":"2006-05-15T11:55:25","slug":"xornada-sobre-software-libre-no-dia-de-internet","status":"publish","type":"post","link":"https:\/\/mancomun.gal\/es\/xornada-sobre-software-libre-no-dia-de-internet\/","title":{"rendered":"Xornada sobre Software Libre no D\u00eda de Internet"},"content":{"rendered":"<div align=\"justify\">Ma\u00f1\u00e1, 16 de maio, cel\u00e9brase na Facultade de Inform\u00e1tica da Universidade de A Coru\u00f1a unha xornada sobre software libre na docencia, na investigaci\u00f3n e na universidade. Este evento, coordinado pola Conseller\u00eda de Innovaci\u00f3n e Industria, conta coa participaci\u00f3n das tres universidades galegas e se\u00a0 enmarca dentro da campa\u00f1a \u00ab<a target=\"_blank\" href=\"http:\/\/www.maisinternetmaisgalego.org\/\" rel=\"noopener\">M\u00e1is Internet, m\u00e1is galego, m\u00e1is futuro<\/a> \u00bb que comezou a o pasado 2 de maio. <\/div>\n<p><\/p>\n<p align=\"justify\">A Directora Xeral de Promoci\u00f3n Industrial e da Sociedade da Informaci\u00f3n, Elena Veiguela, inaugurar\u00e1 o acto \u00e1s 9:30, xunto co Reitor da Universidade de A Coru\u00f1a, Jos\u00e9 Mar\u00eda Barja. O programa \u00e9 o seguinte:<\/p>\n<p align=\"justify\"> 09:30-10:30  Inauguraci\u00f3n da Xornada de Software Libre no Dia de Internet<br \/>              D. Jose Mar\u00eda Barja Perez<br \/>                 Reitor da Universidade da Coru\u00f1a<br \/>              D\u00f1a. Elena Veiguela Mart\u00ednez<br \/>                 Dir. Xeral de Promoci\u00f3n Industrial e da Sociedade da<br \/> Informaci\u00f3n<\/p>\n<p> 10:30-11:15  Rede Internacional das Administraci\u00f3ns P\u00fablicas polo Software<br \/> Libre<br \/>              D. Marcelo D&#8217;Elia Branco<\/p>\n<p> 11:15-12:00  Filesystem Name Spaces<br \/>              D. Christopher Hellwig<br \/>                 Linux Kernel Developer<\/p>\n<p> 12:00-14:00  Mesa Redonda: O Software Libre nas Universidades Galegas<br \/>                Representante da Universidade de Santiago de Compostela<br \/>                Representante da Universidade de Vigo<br \/>                Representante da Universidade da Coru\u00f1a<\/p>\n<p> 16:30-17:30  Reflexi\u00f3ns sobre o Software Libre<br \/>                D. Ernst Leiss<br \/>                   University of Houston<\/p>\n<p> 17:30-18:30  Software Libre: en defensa do proceso creativo e intelectual<br \/>                D. Jaime Villate Matiz<br \/>                   Universidad de Porto<\/p>\n<p> 18:30        Clausura das Xornadas <\/p>\n","protected":false},"excerpt":{"rendered":"<div align=\"justify\">Ma\u00f1\u00e1, 16 de maio, cel\u00e9brase na Facultade de Inform\u00e1tica da Universidade de A Coru\u00f1a unha xornada sobre software libre na docencia, na investigaci\u00f3n e na universidade. Este evento, coordinado pola Conseller\u00eda de Innovaci\u00f3n e Industria, conta coa participaci\u00f3n das tres universidades galegas e se\u00a0 enmarca dentro da campa\u00f1a \u00ab<a target=\"_blank\" href=\"http:\/\/www.maisinternetmaisgalego.org\/\" rel=\"noopener\">M\u00e1is Internet, m\u00e1is galego, m\u00e1is futuro<\/a> \u00bb que comezou a o pasado 2 de maio. <\/div>\n","protected":false},"author":5,"featured_media":0,"comment_status":"open","ping_status":"open","sticky":false,"template":"","format":"standard","meta":{"footnotes":""},"categories":[],"tags":[],"class_list":["post-34727","post","type-post","status-publish","format-standard","hentry"],"acf":[],"_links":{"self":[{"href":"https:\/\/mancomun.gal\/es\/wp-json\/wp\/v2\/posts\/34727","targetHints":{"allow":["GET"]}}],"collection":[{"href":"https:\/\/mancomun.gal\/es\/wp-json\/wp\/v2\/posts"}],"about":[{"href":"https:\/\/mancomun.gal\/es\/wp-json\/wp\/v2\/types\/post"}],"author":[{"embeddable":true,"href":"https:\/\/mancomun.gal\/es\/wp-json\/wp\/v2\/users\/5"}],"replies":[{"embeddable":true,"href":"https:\/\/mancomun.gal\/es\/wp-json\/wp\/v2\/comments?post=34727"}],"version-history":[{"count":0,"href":"https:\/\/mancomun.gal\/es\/wp-json\/wp\/v2\/posts\/34727\/revisions"}],"wp:attachment":[{"href":"https:\/\/mancomun.gal\/es\/wp-json\/wp\/v2\/media?parent=34727"}],"wp:term":[{"taxonomy":"category","embeddable":true,"href":"https:\/\/mancomun.gal\/es\/wp-json\/wp\/v2\/categories?post=34727"},{"taxonomy":"post_tag","embeddable":true,"href":"https:\/\/mancomun.gal\/es\/wp-json\/wp\/v2\/tags?post=34727"}],"curies":[{"name":"wp","href":"https:\/\/api.w.org\/{rel}","templated":true}]}}