{"id":34729,"date":"2006-05-16T13:27:37","date_gmt":"2006-05-16T11:27:37","guid":{"rendered":"https:\/\/mancomun.gal\/innovacion-e-industria-presenta-o-open-office-en-galego-e-o-corrector-ortografico-de-software-libr\/"},"modified":"2006-05-16T13:27:37","modified_gmt":"2006-05-16T11:27:37","slug":"innovacion-e-industria-presenta-o-open-office-en-galego-e-o-corrector-ortografico-de-software-libr","status":"publish","type":"post","link":"https:\/\/mancomun.gal\/es\/innovacion-e-industria-presenta-o-open-office-en-galego-e-o-corrector-ortografico-de-software-libr\/","title":{"rendered":"Innovaci\u00f3n e Industria presenta o Open Office en galego e o corrector ortogr\u00e1fico de software libr"},"content":{"rendered":"<p align=\"justify\">O Conselleiro de Innovaci\u00f3n e Industria, Fernando Blanco, presentou esta ma\u00f1\u00e1 en Santiago as novas aplicaci\u00f3ns inform\u00e1ticas en software libre que se poder\u00e1n descargar de balde dende o noso portal. En concreto, Fernando Blanco presentou a traduci\u00f3n ao galego do paquete ofim\u00e1tico Open Office 2.0, as\u00ed como dun corrector ortogr\u00e1fico baseado na normativa oficial da lingua galega actualmente vixente. &#8230;<\/p>\n<p><\/p>\n<div align=\"justify\">Este paquete p\u00f3dese actualizar a trav\u00e9s da propia rede e agora pres\u00e9ntase por primeira vez traducido ao galego. Estar\u00e1 dispo\u00f1ible, de maneira gratu\u00edta por suposto, para todos os usuarios. Asemade, na tarde de ma\u00f1\u00e1 repartiranse os primeiros 500 Cd\u2019s con Open Office 2.0 en galego na Alameda de Santiago de Compostela, nos cibercami\u00f3ns do Arredemo Lab de A Cultura Circula.<\/div>\n<div align=\"justify\">O conselleiro de Innovaci\u00f3n e Industria, asinou tam\u00e9n un convenio de colaboraci\u00f3n co presidente da Real Academia Galega, Xos\u00e9 Ram\u00f3n Barreiro Fern\u00e1ndez, para a presenza na rede de materiais ling\u00fc\u00edsticos de grande utilidade e alta caliadade, para o uso xeneralizado dos galegos e galegas. <\/div>\n<div align=\"justify\">No mesmo acto asinouse outro convenio coa Asociaci\u00f3n de Enxe\u00f1eiros de Telecomunicaci\u00f3ns de Galicia, representada polo seu presidente, Ram\u00f3n Berm\u00fadez de Castro Olavide, para o seguimento da extensi\u00f3n da banda larga no noso pa\u00eds. <\/div>\n<div align=\"justify\">\u00a0<\/div>\n<div align=\"justify\">Fonte: <a title=\"Nova na web da Xunta de Galicia\" target=\"_blank\" href=\"http:\/\/novas.xunta.es\/node\/1373\" rel=\"noopener\">Xunta de Galicia\u00a0<\/a> <\/div>\n","protected":false},"excerpt":{"rendered":"<p align=\"justify\">O Conselleiro de Innovaci\u00f3n e Industria, Fernando Blanco, presentou esta ma\u00f1\u00e1 en Santiago as novas aplicaci\u00f3ns inform\u00e1ticas en software libre que se poder\u00e1n descargar de balde dende o noso portal. En concreto, Fernando Blanco presentou a traduci\u00f3n ao galego do paquete ofim\u00e1tico Open Office 2.0, as\u00ed como dun corrector ortogr\u00e1fico baseado na normativa oficial da lingua galega actualmente vixente. &#8230;<\/p>\n","protected":false},"author":5,"featured_media":0,"comment_status":"open","ping_status":"open","sticky":false,"template":"","format":"standard","meta":{"footnotes":""},"categories":[],"tags":[],"class_list":["post-34729","post","type-post","status-publish","format-standard","hentry"],"acf":[],"_links":{"self":[{"href":"https:\/\/mancomun.gal\/es\/wp-json\/wp\/v2\/posts\/34729","targetHints":{"allow":["GET"]}}],"collection":[{"href":"https:\/\/mancomun.gal\/es\/wp-json\/wp\/v2\/posts"}],"about":[{"href":"https:\/\/mancomun.gal\/es\/wp-json\/wp\/v2\/types\/post"}],"author":[{"embeddable":true,"href":"https:\/\/mancomun.gal\/es\/wp-json\/wp\/v2\/users\/5"}],"replies":[{"embeddable":true,"href":"https:\/\/mancomun.gal\/es\/wp-json\/wp\/v2\/comments?post=34729"}],"version-history":[{"count":0,"href":"https:\/\/mancomun.gal\/es\/wp-json\/wp\/v2\/posts\/34729\/revisions"}],"wp:attachment":[{"href":"https:\/\/mancomun.gal\/es\/wp-json\/wp\/v2\/media?parent=34729"}],"wp:term":[{"taxonomy":"category","embeddable":true,"href":"https:\/\/mancomun.gal\/es\/wp-json\/wp\/v2\/categories?post=34729"},{"taxonomy":"post_tag","embeddable":true,"href":"https:\/\/mancomun.gal\/es\/wp-json\/wp\/v2\/tags?post=34729"}],"curies":[{"name":"wp","href":"https:\/\/api.w.org\/{rel}","templated":true}]}}