{"id":34734,"date":"2006-05-17T12:12:31","date_gmt":"2006-05-17T10:12:31","guid":{"rendered":"https:\/\/mancomun.gal\/sun-promete-liberar-java\/"},"modified":"2006-05-17T12:12:31","modified_gmt":"2006-05-17T10:12:31","slug":"sun-promete-liberar-java","status":"publish","type":"post","link":"https:\/\/mancomun.gal\/es\/sun-promete-liberar-java\/","title":{"rendered":"Sun promete liberar Java"},"content":{"rendered":"<p align=\"justify\"><a target=\"_blank\" title=\" Sun Microsystems\" href=\"http:\/\/es.sun.com\" rel=\"noopener\">Sun Microsystems<\/a> est\u00e1 planeando liberar o c\u00f3digo da linguaxe de programaci\u00f3n <a target=\"_blank\" title=\"Java\" href=\"http:\/\/java.sun.com\" rel=\"noopener\">Java<\/a>, segundo anunciou o director executivo da compa\u00f1\u00eda Jonathan Schwartz, na conferencia <em>JavaOne<\/em> que se est\u00e1 a celebrar en San Francisco. <\/p>\n<p><\/p>\n<p align=\"justify\">Schwartz afirmou <em>\u00abA cuesti\u00f3n non \u00e9 se faremos Java open source, sen\u00f3n que agora a cuesti\u00f3n \u00e9 como\u00bb<\/em>. Coa liberaci\u00f3n do c\u00f3digo fonte, Sun espera atraer a un novo grupo de desenvolvedores que rexeitaron o uso deste linguaxe a causa da licenza do software. <\/p>\n<p align=\"justify\">IBM promove esta liberaci\u00f3n dende fai tempo, pero poden ser a presi\u00f3n de <a target=\"_blank\" title=\"Mono\" href=\"http:\/\/www.mono-project.com\/Main_Page\" rel=\"noopener\">Mono<\/a>, versi\u00f3n libre de .NET, e as dificultades de incorporar Java nos sistemas operativos libres, as que obriguen finalmente a Sun a dar o paso final.<\/p>\n<p align=\"justify\">\u00a0A maior preocupaci\u00f3n de Sun \u00e9 controlar a fragmentaci\u00f3n de Java que se producir\u00eda se grupos de desenvolvedores se separaran da comunidade principal de Java e formaran grupos independentes con diferentes rumbos.<\/p>\n<p>\u00a0<\/p>\n","protected":false},"excerpt":{"rendered":"<p align=\"justify\"><a target=\"_blank\" title=\" Sun Microsystems\" href=\"http:\/\/es.sun.com\" rel=\"noopener\">Sun Microsystems<\/a> est\u00e1 planeando liberar o c\u00f3digo da linguaxe de programaci\u00f3n <a target=\"_blank\" title=\"Java\" href=\"http:\/\/java.sun.com\" rel=\"noopener\">Java<\/a>, segundo anunciou o director executivo da compa\u00f1\u00eda Jonathan Schwartz, na conferencia <em>JavaOne<\/em> que se est\u00e1 a celebrar en San Francisco. <\/p>\n","protected":false},"author":5,"featured_media":0,"comment_status":"open","ping_status":"open","sticky":false,"template":"","format":"standard","meta":{"footnotes":""},"categories":[],"tags":[],"class_list":["post-34734","post","type-post","status-publish","format-standard","hentry"],"acf":[],"_links":{"self":[{"href":"https:\/\/mancomun.gal\/es\/wp-json\/wp\/v2\/posts\/34734","targetHints":{"allow":["GET"]}}],"collection":[{"href":"https:\/\/mancomun.gal\/es\/wp-json\/wp\/v2\/posts"}],"about":[{"href":"https:\/\/mancomun.gal\/es\/wp-json\/wp\/v2\/types\/post"}],"author":[{"embeddable":true,"href":"https:\/\/mancomun.gal\/es\/wp-json\/wp\/v2\/users\/5"}],"replies":[{"embeddable":true,"href":"https:\/\/mancomun.gal\/es\/wp-json\/wp\/v2\/comments?post=34734"}],"version-history":[{"count":0,"href":"https:\/\/mancomun.gal\/es\/wp-json\/wp\/v2\/posts\/34734\/revisions"}],"wp:attachment":[{"href":"https:\/\/mancomun.gal\/es\/wp-json\/wp\/v2\/media?parent=34734"}],"wp:term":[{"taxonomy":"category","embeddable":true,"href":"https:\/\/mancomun.gal\/es\/wp-json\/wp\/v2\/categories?post=34734"},{"taxonomy":"post_tag","embeddable":true,"href":"https:\/\/mancomun.gal\/es\/wp-json\/wp\/v2\/tags?post=34734"}],"curies":[{"name":"wp","href":"https:\/\/api.w.org\/{rel}","templated":true}]}}