{"id":34739,"date":"2006-05-18T16:50:14","date_gmt":"2006-05-18T14:50:14","guid":{"rendered":"https:\/\/mancomun.gal\/curso-de-veran-sobre-conecemento-libre\/"},"modified":"2006-05-18T16:50:14","modified_gmt":"2006-05-18T14:50:14","slug":"curso-de-veran-sobre-conecemento-libre","status":"publish","type":"post","link":"https:\/\/mancomun.gal\/es\/curso-de-veran-sobre-conecemento-libre\/","title":{"rendered":"Curso de ver\u00e1n sobre Co\u00f1ecemento Libre"},"content":{"rendered":"<div align=\"justify\">A Universidade de Estremadura oferta un curso de ver\u00e1n co t\u00edtulo de \u00ab<strong><a title=\"Curso FLOK na Universidad de Estremadura\" target=\"_blank\" href=\"http:\/\/www.unex.es\/unex\/gobierno\/direccion\/viceext\/estructura\/cursos_verano\/programacion\/cursos\/ficha_html?id_curso=16\" rel=\"noopener\">CONOCIMIENTO LIBRE &#8211; FLOK (Free\/Libre &#038; Open Knowledge)<\/a> <\/strong>\u00ab. Desenvolverase en C\u00e1ceres entre os d\u00edas 10 e 13 de Xullo. \u00c9 v\u00e1lido por 3 cr\u00e9ditos de libre configuraci\u00f3n. Est\u00e1 aberto tanto a estudantes da Universidade de Estremadura como de fora. <\/div>\n<div align=\"justify\">Entre os seus obxectivos at\u00f3panse a difusi\u00f3n do co\u00f1ecemento libre, fomentar a colaboraci\u00f3n en contornos libres ou a aplicaci\u00f3n de licenzas libres \u00e1s diferentes expresi\u00f3ns da cultura. &#8230;   <\/div>\n<p><\/p>\n<div align=\"justify\">A\u00ednda que o t\u00edtulo e os obxectivos ref\u00edrense ao co\u00f1ecemento libre en xeral, varias das s\u00faas ponencias son sobre software libre: <\/div>\n<div align=\"justify\">\n<ul>\n<li>\u00abAdministraci\u00f3ns p\u00fablicas e Software Libre\u00bb<\/li>\n<li> \u00abSoftware Libre e co\u00f1ecemento libre\u00bb<\/li>\n<li>\u00abContribuci\u00f3n do software libre ao desenvolvemento do sector TIC en Estremadura\u00bb<\/li>\n<li>\u00abModelos e oportunidades de negocio no eido do Software Libre. Nichos, tendencias e an\u00e1lisis do mercado espa\u00f1ol. \u00bfComo e por que o software libre \u00e9 M\u00c1IS rentable?\u00bb<\/li>\n<li>\u00abO mercado do software libre en Portugal\u00bb <\/li>\n<li>\u00abSoftware Libre <em>vs<\/em> Software Comercial en empresas tecnol\u00f3xicas\u00bb <\/li>\n<li>\u00abSoftware libre na educaci\u00f3n\u00bb<\/li>\n<li>\u00abImpacto do software libre na produci\u00f3n e distribuci\u00f3n da obra intelectual\u00bb<\/li>\n<\/ul>\n<p>Ver <a title=\"Programa do curso FLOK\" target=\"_blank\" href=\"http:\/\/campusvirtual.unex.es\/cala\/alauex\/mod\/forum\/discuss.php?d=381\" rel=\"noopener\">programa<\/a>  completo. <\/div>\n","protected":false},"excerpt":{"rendered":"<div align=\"justify\">A Universidade de Estremadura oferta un curso de ver\u00e1n co t\u00edtulo de \u00ab<strong><a title=\"Curso FLOK na Universidad de Estremadura\" target=\"_blank\" href=\"http:\/\/www.unex.es\/unex\/gobierno\/direccion\/viceext\/estructura\/cursos_verano\/programacion\/cursos\/ficha_html?id_curso=16\" rel=\"noopener\">CONOCIMIENTO LIBRE &#8211; FLOK (Free\/Libre &#038; Open Knowledge)<\/a> <\/strong>\u00ab. Desenvolverase en C\u00e1ceres entre os d\u00edas 10 e 13 de Xullo. \u00c9 v\u00e1lido por 3 cr\u00e9ditos de libre configuraci\u00f3n. Est\u00e1 aberto tanto a estudantes da Universidade de Estremadura como de fora. <\/div>\n<div align=\"justify\">Entre os seus obxectivos at\u00f3panse a difusi\u00f3n do co\u00f1ecemento libre, fomentar a colaboraci\u00f3n en contornos libres ou a aplicaci\u00f3n de licenzas libres \u00e1s diferentes expresi\u00f3ns da cultura. &#8230;   <\/div>\n","protected":false},"author":5,"featured_media":0,"comment_status":"open","ping_status":"open","sticky":false,"template":"","format":"standard","meta":{"footnotes":""},"categories":[],"tags":[],"class_list":["post-34739","post","type-post","status-publish","format-standard","hentry"],"acf":[],"_links":{"self":[{"href":"https:\/\/mancomun.gal\/es\/wp-json\/wp\/v2\/posts\/34739","targetHints":{"allow":["GET"]}}],"collection":[{"href":"https:\/\/mancomun.gal\/es\/wp-json\/wp\/v2\/posts"}],"about":[{"href":"https:\/\/mancomun.gal\/es\/wp-json\/wp\/v2\/types\/post"}],"author":[{"embeddable":true,"href":"https:\/\/mancomun.gal\/es\/wp-json\/wp\/v2\/users\/5"}],"replies":[{"embeddable":true,"href":"https:\/\/mancomun.gal\/es\/wp-json\/wp\/v2\/comments?post=34739"}],"version-history":[{"count":0,"href":"https:\/\/mancomun.gal\/es\/wp-json\/wp\/v2\/posts\/34739\/revisions"}],"wp:attachment":[{"href":"https:\/\/mancomun.gal\/es\/wp-json\/wp\/v2\/media?parent=34739"}],"wp:term":[{"taxonomy":"category","embeddable":true,"href":"https:\/\/mancomun.gal\/es\/wp-json\/wp\/v2\/categories?post=34739"},{"taxonomy":"post_tag","embeddable":true,"href":"https:\/\/mancomun.gal\/es\/wp-json\/wp\/v2\/tags?post=34739"}],"curies":[{"name":"wp","href":"https:\/\/api.w.org\/{rel}","templated":true}]}}