{"id":34749,"date":"2006-05-22T15:58:59","date_gmt":"2006-05-22T13:58:59","guid":{"rendered":"https:\/\/mancomun.gal\/unha-constitucion-pro-software-libre\/"},"modified":"2006-05-22T15:58:59","modified_gmt":"2006-05-22T13:58:59","slug":"unha-constitucion-pro-software-libre","status":"publish","type":"post","link":"https:\/\/mancomun.gal\/es\/unha-constitucion-pro-software-libre\/","title":{"rendered":"Unha constituci\u00f3n pro-software libre"},"content":{"rendered":"<p align=\"justify\">Estevan Gonz\u00e1lez Pons, Conseller de Presidencia da Generalitat Valenciana e promotor e ex-Presidente da Comisi\u00f3n de Internet do Senado, fai unha interesante reflexi\u00f3n sobre se \u00e9 posible atopar un apoio xur\u00eddico-constitucional en Espa\u00f1a para a promoci\u00f3n do Software Libre como expresi\u00f3n dos principios de liberdade e igualdade: \u00ab<a target=\"_blank\" href=\"http:\/\/www.elpais.es\/articulo\/internet\/Constitucion\/pro-software\/libre\/20060516elpepunet_9\/Tes\/index.html\" rel=\"noopener\">Una Constituci\u00f3n pro-software libre<\/a> \u00ab.<\/p>\n<p align=\"justify\">Fonte: <a target=\"_blank\" href=\"http:\/\/www.elpais.es\/articulo\/internet\/Constitucion\/pro-software\/libre\/20060516elpepunet_9\/Tes\/index.html\" rel=\"noopener\">El Pa\u00eds<\/a> \u00a0<\/p>\n<p><\/p>\n","protected":false},"excerpt":{"rendered":"<p align=\"justify\">Estevan Gonz\u00e1lez Pons, Conseller de Presidencia da Generalitat Valenciana e promotor e ex-Presidente da Comisi\u00f3n de Internet do Senado, fai unha interesante reflexi\u00f3n sobre se \u00e9 posible atopar un apoio xur\u00eddico-constitucional en Espa\u00f1a para a promoci\u00f3n do Software Libre como expresi\u00f3n dos principios de liberdade e igualdade: \u00ab<a target=\"_blank\" href=\"http:\/\/www.elpais.es\/articulo\/internet\/Constitucion\/pro-software\/libre\/20060516elpepunet_9\/Tes\/index.html\" rel=\"noopener\">Una Constituci\u00f3n pro-software libre<\/a> \u00ab.<\/p>\n<p align=\"justify\">Fonte: <a target=\"_blank\" href=\"http:\/\/www.elpais.es\/articulo\/internet\/Constitucion\/pro-software\/libre\/20060516elpepunet_9\/Tes\/index.html\" rel=\"noopener\">El Pa\u00eds<\/a> \u00a0<\/p>\n","protected":false},"author":5,"featured_media":0,"comment_status":"open","ping_status":"open","sticky":false,"template":"","format":"standard","meta":{"footnotes":""},"categories":[],"tags":[],"class_list":["post-34749","post","type-post","status-publish","format-standard","hentry"],"acf":[],"_links":{"self":[{"href":"https:\/\/mancomun.gal\/es\/wp-json\/wp\/v2\/posts\/34749","targetHints":{"allow":["GET"]}}],"collection":[{"href":"https:\/\/mancomun.gal\/es\/wp-json\/wp\/v2\/posts"}],"about":[{"href":"https:\/\/mancomun.gal\/es\/wp-json\/wp\/v2\/types\/post"}],"author":[{"embeddable":true,"href":"https:\/\/mancomun.gal\/es\/wp-json\/wp\/v2\/users\/5"}],"replies":[{"embeddable":true,"href":"https:\/\/mancomun.gal\/es\/wp-json\/wp\/v2\/comments?post=34749"}],"version-history":[{"count":0,"href":"https:\/\/mancomun.gal\/es\/wp-json\/wp\/v2\/posts\/34749\/revisions"}],"wp:attachment":[{"href":"https:\/\/mancomun.gal\/es\/wp-json\/wp\/v2\/media?parent=34749"}],"wp:term":[{"taxonomy":"category","embeddable":true,"href":"https:\/\/mancomun.gal\/es\/wp-json\/wp\/v2\/categories?post=34749"},{"taxonomy":"post_tag","embeddable":true,"href":"https:\/\/mancomun.gal\/es\/wp-json\/wp\/v2\/tags?post=34749"}],"curies":[{"name":"wp","href":"https:\/\/api.w.org\/{rel}","templated":true}]}}