{"id":34751,"date":"2006-05-22T16:43:07","date_gmt":"2006-05-22T14:43:07","guid":{"rendered":"https:\/\/mancomun.gal\/barcelona-acollera-a-3%c2%aa-conferencia-internacional-da-gplv3\/"},"modified":"2023-05-09T15:07:37","modified_gmt":"2023-05-09T13:07:37","slug":"barcelona-acollera-a-3%c2%aa-conferencia-internacional-da-gplv3","status":"publish","type":"post","link":"https:\/\/mancomun.gal\/es\/barcelona-acollera-a-3%c2%aa-conferencia-internacional-da-gplv3\/","title":{"rendered":"Barcelona acoller\u00e1 a 3\u00aa conferencia internacional da GPLv3"},"content":{"rendered":"<p align=\"justify\"><a title=\"GPLv3-conference\" target=\"_blank\" href=\"http:\/\/fsfeurope.org\/projects\/gplv3\/europe-gplv3-conference\" rel=\"noopener\"><img loading=\"lazy\" decoding=\"async\" width=\"150\" vspace=\"5\" hspace=\"10\" height=\"61\" border=\"0\" align=\"right\" title=\"Logo GPLV3\" alt=\"Logo GPLV3\" src=\"https:\/\/mancomun.gal\/wp-content\/uploads\/2022\/09\/gplv3-logo-red.png\" \/><\/a> A terceira conferencia internacional sobre a GPLv3 ter\u00e1 lugar o 22 e 23 de xu\u00f1o en Barcelona.<\/p>\n<p align=\"justify\">As conferencias internacionais sobre a GPLv3 forman parte dun longo ano de proceso de consulta p\u00fablica para actualizar a GNU General Public License ([[GPL]]), a m\u00e1is usada das licenzas libres de software. As anteriores conferencias tiveron lugar en USA e Brazil.<\/p>\n<p><\/p>\n<p align=\"justify\">A versi\u00f3n 2 da [[GPL]] foi creada en 1991, e esta versi\u00f3n actual reflicte os cambios legais e t\u00e9cnicos nos cales as licenzas de software se moven, e necesitan incrementar a protecci\u00f3n contra novos perigos como as patentes de software e a xesti\u00f3n de dereitos dixitais, tam\u00e9n co\u00f1ecida esta tecnolox\u00eda como DRM.<\/p>\n<p align=\"justify\">Texto completo e fonte da nova: <a title=\"Free Software Foundation\" target=\"_blank\" href=\"http:\/\/www.fsf.org\/news\/gplv3spain\" rel=\"noopener\">Free Software Foundation<\/a> \u00a0<\/p>\n","protected":false},"excerpt":{"rendered":"<p align=\"justify\"><a title=\"GPLv3-conference\" target=\"_blank\" href=\"http:\/\/fsfeurope.org\/projects\/gplv3\/europe-gplv3-conference\" rel=\"noopener\"><img loading=\"lazy\" decoding=\"async\" width=\"150\" vspace=\"5\" hspace=\"10\" height=\"61\" border=\"0\" align=\"right\" title=\"Logo GPLV3\" alt=\"Logo GPLV3\" src=\"https:\/\/www.mancomun.gal\/wp-content\/uploads\/uploads\/pics\/stories\/gplv3-logo-red.png\" \/><\/a> A terceira conferencia internacional sobre a GPLv3 ter\u00e1 lugar o 22 e 23 de xu\u00f1o en Barcelona.<\/p>\n<p align=\"justify\">As conferencias internacionais sobre a GPLv3 forman parte dun longo ano de proceso de consulta p\u00fablica para actualizar a GNU General Public License ([[GPL]]), a m\u00e1is usada das licenzas libres de software. As anteriores conferencias tiveron lugar en USA e Brazil.<\/p>\n","protected":false},"author":5,"featured_media":373,"comment_status":"open","ping_status":"open","sticky":false,"template":"","format":"standard","meta":{"footnotes":""},"categories":[],"tags":[],"class_list":["post-34751","post","type-post","status-publish","format-standard","has-post-thumbnail","hentry"],"acf":[],"_links":{"self":[{"href":"https:\/\/mancomun.gal\/es\/wp-json\/wp\/v2\/posts\/34751","targetHints":{"allow":["GET"]}}],"collection":[{"href":"https:\/\/mancomun.gal\/es\/wp-json\/wp\/v2\/posts"}],"about":[{"href":"https:\/\/mancomun.gal\/es\/wp-json\/wp\/v2\/types\/post"}],"author":[{"embeddable":true,"href":"https:\/\/mancomun.gal\/es\/wp-json\/wp\/v2\/users\/5"}],"replies":[{"embeddable":true,"href":"https:\/\/mancomun.gal\/es\/wp-json\/wp\/v2\/comments?post=34751"}],"version-history":[{"count":1,"href":"https:\/\/mancomun.gal\/es\/wp-json\/wp\/v2\/posts\/34751\/revisions"}],"predecessor-version":[{"id":34752,"href":"https:\/\/mancomun.gal\/es\/wp-json\/wp\/v2\/posts\/34751\/revisions\/34752"}],"wp:featuredmedia":[{"embeddable":true,"href":"https:\/\/mancomun.gal\/es\/wp-json\/wp\/v2\/media\/373"}],"wp:attachment":[{"href":"https:\/\/mancomun.gal\/es\/wp-json\/wp\/v2\/media?parent=34751"}],"wp:term":[{"taxonomy":"category","embeddable":true,"href":"https:\/\/mancomun.gal\/es\/wp-json\/wp\/v2\/categories?post=34751"},{"taxonomy":"post_tag","embeddable":true,"href":"https:\/\/mancomun.gal\/es\/wp-json\/wp\/v2\/tags?post=34751"}],"curies":[{"name":"wp","href":"https:\/\/api.w.org\/{rel}","templated":true}]}}