{"id":34759,"date":"2006-05-24T10:28:11","date_gmt":"2006-05-24T08:28:11","guid":{"rendered":"https:\/\/mancomun.gal\/software-libre-na-industria-europea-a-folla-de-ruta-para-o-futuro\/"},"modified":"2023-05-09T15:12:07","modified_gmt":"2023-05-09T13:12:07","slug":"software-libre-na-industria-europea-a-folla-de-ruta-para-o-futuro","status":"publish","type":"post","link":"https:\/\/mancomun.gal\/es\/software-libre-na-industria-europea-a-folla-de-ruta-para-o-futuro\/","title":{"rendered":"Software Libre na industria europea: A folla de ruta para o futuro"},"content":{"rendered":"<div align=\"justify\"><a target=\"_blank\" href=\"http:\/\/www.calibre.ie\/\" rel=\"noopener\"><img loading=\"lazy\" decoding=\"async\" width=\"166\" hspace=\"10\" height=\"100\" border=\"0\" align=\"left\" alt=\"Logo CALIBRE\" src=\"https:\/\/mancomun.gal\/wp-content\/uploads\/2022\/09\/about_clip_image002.png\" \/><\/a> O pasado 5 de maio celebrouse en Madrid, no marco do proxecto <a target=\"_blank\" href=\"http:\/\/www.calibre.ie\/\" rel=\"noopener\">CALIBRE<\/a>  (<em>Coordination Action for LIBRE Software<\/em>), unhas xornadas internacionais co t\u00edtulo: <strong>Open Source Software in European Industry: A Strategic Roadmap for the Future.\u00a0<\/strong><\/div>\n<p><\/p>\n<p align=\"justify\">Os diferentes relatorios est\u00e1n accesibles na seguinte direcci\u00f3n: <a target=\"_blank\" href=\"http:\/\/www.calibre.ie\/events\/madrid\/speakers.php\" rel=\"noopener\">http:\/\/www.calibre.ie\/events\/madrid\/speakers.php<\/a> \u00a0<\/p>\n<p align=\"justify\">David Cierco, Director Xeral para o Desenvolvemento da Sociedade da Informaci\u00f3n do<br \/>Ministerio de Insustria, anunciou na apertura das xornadas, que se presentaron en Espa\u00f1a 38 proxectos \u00e1 convocatoria PROFIT do pasado mes de marzo, solicitando unha cantidade total de 10 mill\u00f3ns de euros.<\/p>\n<p align=\"justify\"> O Director Xeral destacou a importancia que ten o software libre para reducir os custes de instalaci\u00f3n, as\u00ed como para axudar \u00e1 independencia de tecnolox\u00edas extranxeiras. Ademais, apuntou que o Ministerio de Industria \u00abconfirmou en varias ocasi\u00f3ns o seu apoio, non s\u00f3 para o software libre, sen\u00f3n tam\u00e9n para proxectos de I+D, a trav\u00e9s de importantes incrementos nas axudas\u00bb. O Plan Nacional para a Investigaci\u00f3n Cient\u00edfica, Desenvolvemento e Innovaci\u00f3n Tecnol\u00f3xica (2004-2007) incl\u00fae unha partida espec\u00edfica para proxectos de Software Libre, que representa o 5% do presuposto total.<br \/>\u00a0 <\/p>\n","protected":false},"excerpt":{"rendered":"<div align=\"justify\"><a target=\"_blank\" href=\"http:\/\/www.calibre.ie\/\" rel=\"noopener\"><img loading=\"lazy\" decoding=\"async\" width=\"166\" hspace=\"10\" height=\"100\" border=\"0\" align=\"left\" alt=\"Logo CALIBRE\" src=\"https:\/\/www.mancomun.gal\/wp-content\/uploads\/uploads\/pics\/stories\/about_clip_image002.png\" \/><\/a> O pasado 5 de maio celebrouse en Madrid, no marco do proxecto <a target=\"_blank\" href=\"http:\/\/www.calibre.ie\/\" rel=\"noopener\">CALIBRE<\/a>  (<em>Coordination Action for LIBRE Software<\/em>), unhas xornadas internacionais co t\u00edtulo: <strong>Open Source Software in European Industry: A Strategic Roadmap for the Future.\u00a0<\/strong><\/div>\n","protected":false},"author":5,"featured_media":383,"comment_status":"open","ping_status":"open","sticky":false,"template":"","format":"standard","meta":{"footnotes":""},"categories":[],"tags":[],"class_list":["post-34759","post","type-post","status-publish","format-standard","has-post-thumbnail","hentry"],"acf":[],"_links":{"self":[{"href":"https:\/\/mancomun.gal\/es\/wp-json\/wp\/v2\/posts\/34759","targetHints":{"allow":["GET"]}}],"collection":[{"href":"https:\/\/mancomun.gal\/es\/wp-json\/wp\/v2\/posts"}],"about":[{"href":"https:\/\/mancomun.gal\/es\/wp-json\/wp\/v2\/types\/post"}],"author":[{"embeddable":true,"href":"https:\/\/mancomun.gal\/es\/wp-json\/wp\/v2\/users\/5"}],"replies":[{"embeddable":true,"href":"https:\/\/mancomun.gal\/es\/wp-json\/wp\/v2\/comments?post=34759"}],"version-history":[{"count":1,"href":"https:\/\/mancomun.gal\/es\/wp-json\/wp\/v2\/posts\/34759\/revisions"}],"predecessor-version":[{"id":34760,"href":"https:\/\/mancomun.gal\/es\/wp-json\/wp\/v2\/posts\/34759\/revisions\/34760"}],"wp:featuredmedia":[{"embeddable":true,"href":"https:\/\/mancomun.gal\/es\/wp-json\/wp\/v2\/media\/383"}],"wp:attachment":[{"href":"https:\/\/mancomun.gal\/es\/wp-json\/wp\/v2\/media?parent=34759"}],"wp:term":[{"taxonomy":"category","embeddable":true,"href":"https:\/\/mancomun.gal\/es\/wp-json\/wp\/v2\/categories?post=34759"},{"taxonomy":"post_tag","embeddable":true,"href":"https:\/\/mancomun.gal\/es\/wp-json\/wp\/v2\/tags?post=34759"}],"curies":[{"name":"wp","href":"https:\/\/api.w.org\/{rel}","templated":true}]}}