{"id":34765,"date":"2006-05-29T10:34:43","date_gmt":"2006-05-29T08:34:43","guid":{"rendered":"https:\/\/mancomun.gal\/e-gallaecia-2006-adica-unha-tarde-ao-software-libre\/"},"modified":"2023-05-09T15:12:10","modified_gmt":"2023-05-09T13:12:10","slug":"e-gallaecia-2006-adica-unha-tarde-ao-software-libre","status":"publish","type":"post","link":"https:\/\/mancomun.gal\/es\/e-gallaecia-2006-adica-unha-tarde-ao-software-libre\/","title":{"rendered":"e-Gallaecia 2006 adica unha tarde ao Software Libre"},"content":{"rendered":"<div align=\"justify\"><a target=\"_blank\" title=\"e-gallaecia.com\" href=\"http:\/\/www.e-gallaecia.com\/\" rel=\"noopener\"><img loading=\"lazy\" decoding=\"async\" width=\"175\" vspace=\"0\" hspace=\"5\" height=\"77\" border=\"0\" align=\"right\" alt=\"e-gallaecia\" title=\"e-gallaecia\" src=\"https:\/\/mancomun.gal\/wp-content\/uploads\/2022\/09\/e-gallaecia.png\" \/><\/a> Do 14 ao 16 de xu\u00f1o, na Facultade de Xornalismo da Universidade de Santiago de Compostela, celebrarase a VI <em>Tech Business Week<\/em> que organiza o foro <a target=\"_blank\" href=\"http:\/\/www.e-gallaecia.com\/\" rel=\"noopener\">e-Gallaecia<\/a>. O <a target=\"_blank\" href=\"http:\/\/www.e-gallaecia.com\/descargas\/Agenda_TechBusiness_Week.pdf\" rel=\"noopener\">programa<\/a> xa est\u00e1 dispo\u00f1ible e o xoves 15 de xu\u00f1o haber\u00e1 toda unha sesi\u00f3n de xornadas adicadas ao Software Libre. Estar\u00e1n moderadas por Roberto Santos e participar\u00e1n, entre outros, os responsables inform\u00e1ticos da <a target=\"_blank\" href=\"http:\/\/www.udc.es\" rel=\"noopener\">Universidade de A Coru\u00f1a<\/a>  e da <a target=\"_blank\" href=\"http:\/\/www.usc.es\" rel=\"noopener\">Universidade de Santiago<\/a>.<\/div>\n<p><\/p>\n<div align=\"justify\">\u00a0<\/div>\n","protected":false},"excerpt":{"rendered":"<div align=\"justify\"><a target=\"_blank\" title=\"e-gallaecia.com\" href=\"http:\/\/www.e-gallaecia.com\/\" rel=\"noopener\"><img loading=\"lazy\" decoding=\"async\" width=\"175\" vspace=\"0\" hspace=\"5\" height=\"77\" border=\"0\" align=\"right\" alt=\"e-gallaecia\" title=\"e-gallaecia\" src=\"https:\/\/www.mancomun.gal\/wp-content\/uploads\/uploads\/pics\/stories\/e-gallaecia.png\" \/><\/a> Do 14 ao 16 de xu\u00f1o, na Facultade de Xornalismo da Universidade de Santiago de Compostela, celebrarase a VI <em>Tech Business Week<\/em> que organiza o foro <a target=\"_blank\" href=\"http:\/\/www.e-gallaecia.com\/\" rel=\"noopener\">e-Gallaecia<\/a>. O <a target=\"_blank\" href=\"http:\/\/www.e-gallaecia.com\/descargas\/Agenda_TechBusiness_Week.pdf\" rel=\"noopener\">programa<\/a> xa est\u00e1 dispo\u00f1ible e o xoves 15 de xu\u00f1o haber\u00e1 toda unha sesi\u00f3n de xornadas adicadas ao Software Libre. Estar\u00e1n moderadas por Roberto Santos e participar\u00e1n, entre outros, os responsables inform\u00e1ticos da <a target=\"_blank\" href=\"http:\/\/www.udc.es\" rel=\"noopener\">Universidade de A Coru\u00f1a<\/a>  e da <a target=\"_blank\" href=\"http:\/\/www.usc.es\" rel=\"noopener\">Universidade de Santiago<\/a>.<\/div>\n","protected":false},"author":5,"featured_media":393,"comment_status":"open","ping_status":"open","sticky":false,"template":"","format":"standard","meta":{"footnotes":""},"categories":[],"tags":[],"class_list":["post-34765","post","type-post","status-publish","format-standard","has-post-thumbnail","hentry"],"acf":[],"_links":{"self":[{"href":"https:\/\/mancomun.gal\/es\/wp-json\/wp\/v2\/posts\/34765","targetHints":{"allow":["GET"]}}],"collection":[{"href":"https:\/\/mancomun.gal\/es\/wp-json\/wp\/v2\/posts"}],"about":[{"href":"https:\/\/mancomun.gal\/es\/wp-json\/wp\/v2\/types\/post"}],"author":[{"embeddable":true,"href":"https:\/\/mancomun.gal\/es\/wp-json\/wp\/v2\/users\/5"}],"replies":[{"embeddable":true,"href":"https:\/\/mancomun.gal\/es\/wp-json\/wp\/v2\/comments?post=34765"}],"version-history":[{"count":1,"href":"https:\/\/mancomun.gal\/es\/wp-json\/wp\/v2\/posts\/34765\/revisions"}],"predecessor-version":[{"id":34766,"href":"https:\/\/mancomun.gal\/es\/wp-json\/wp\/v2\/posts\/34765\/revisions\/34766"}],"wp:featuredmedia":[{"embeddable":true,"href":"https:\/\/mancomun.gal\/es\/wp-json\/wp\/v2\/media\/393"}],"wp:attachment":[{"href":"https:\/\/mancomun.gal\/es\/wp-json\/wp\/v2\/media?parent=34765"}],"wp:term":[{"taxonomy":"category","embeddable":true,"href":"https:\/\/mancomun.gal\/es\/wp-json\/wp\/v2\/categories?post=34765"},{"taxonomy":"post_tag","embeddable":true,"href":"https:\/\/mancomun.gal\/es\/wp-json\/wp\/v2\/tags?post=34765"}],"curies":[{"name":"wp","href":"https:\/\/api.w.org\/{rel}","templated":true}]}}