{"id":34770,"date":"2006-05-30T11:58:57","date_gmt":"2006-05-30T09:58:57","guid":{"rendered":"https:\/\/mancomun.gal\/informatica-lingua-e-outras-asociacions\/"},"modified":"2006-05-30T11:58:57","modified_gmt":"2006-05-30T09:58:57","slug":"informatica-lingua-e-outras-asociacions","status":"publish","type":"post","link":"https:\/\/mancomun.gal\/es\/informatica-lingua-e-outras-asociacions\/","title":{"rendered":"Inform\u00e1tica, lingua e outras asociaci\u00f3ns"},"content":{"rendered":"<div align=\"justify\">Acabamos de engadir dous apartados \u00e1 secci\u00f3n <a target=\"_blank\" href=\"index.php\/content\/view\/141\/101\/\" rel=\"noopener\">Movemento asociativo<\/a>  de mancomun.org. A primeira, <a target=\"_blank\" href=\"index.php\/content\/view\/168\/105\/\" rel=\"noopener\">Inform\u00e1tica e lingua<\/a>, fai referencia \u00e1s asociaci\u00f3ns ou agrupaci\u00f3ns que xa levan tempo localizando software e que te\u00f1en como principal obxectivo o galego no eido da inform\u00e1tica. A segunda, <a target=\"_blank\" href=\"index.php\/content\/view\/169\/106\/\" rel=\"noopener\">Outras asociaci\u00f3ns<\/a>, tenta amosar aquelas agrupaci\u00f3ns que te\u00f1en no software libre un medio natural para o seu traballo.<\/div>\n<div align=\"justify\">\u00a0<\/div>\n<div align=\"justify\">A intenci\u00f3n de mancomun \u00e9 sumar esforzos e non restalos, polo que as listaxes das agrupaci\u00f3ns non son pechadas. Se pertences a outra asociaci\u00f3n destas caracter\u00edsticas, por favor, contacta con n\u00f3s a trav\u00e9s da secci\u00f3n de <a target=\"_blank\" href=\"index.php\/component\/option,com_contact\/task,view\/contact_id,1\/Itemid,109\/\" rel=\"noopener\">Contacto<\/a>.<\/div>\n<p><\/p>\n","protected":false},"excerpt":{"rendered":"<div align=\"justify\">Acabamos de engadir dous apartados \u00e1 secci\u00f3n <a target=\"_blank\" href=\"index.php\/content\/view\/141\/101\/\" rel=\"noopener\">Movemento asociativo<\/a>  de mancomun.org. A primeira, <a target=\"_blank\" href=\"index.php\/content\/view\/168\/105\/\" rel=\"noopener\">Inform\u00e1tica e lingua<\/a>, fai referencia \u00e1s asociaci\u00f3ns ou agrupaci\u00f3ns que xa levan tempo localizando software e que te\u00f1en como principal obxectivo o galego no eido da inform\u00e1tica. A segunda, <a target=\"_blank\" href=\"index.php\/content\/view\/169\/106\/\" rel=\"noopener\">Outras asociaci\u00f3ns<\/a>, tenta amosar aquelas agrupaci\u00f3ns que te\u00f1en no software libre un medio natural para o seu traballo.<\/div>\n<div align=\"justify\">\u00a0<\/div>\n<div align=\"justify\">A intenci\u00f3n de mancomun \u00e9 sumar esforzos e non restalos, polo que as listaxes das agrupaci\u00f3ns non son pechadas. Se pertences a outra asociaci\u00f3n destas caracter\u00edsticas, por favor, contacta con n\u00f3s a trav\u00e9s da secci\u00f3n de <a target=\"_blank\" href=\"index.php\/component\/option,com_contact\/task,view\/contact_id,1\/Itemid,109\/\" rel=\"noopener\">Contacto<\/a>.<\/div>\n","protected":false},"author":5,"featured_media":0,"comment_status":"open","ping_status":"open","sticky":false,"template":"","format":"standard","meta":{"footnotes":""},"categories":[],"tags":[],"class_list":["post-34770","post","type-post","status-publish","format-standard","hentry"],"acf":[],"_links":{"self":[{"href":"https:\/\/mancomun.gal\/es\/wp-json\/wp\/v2\/posts\/34770","targetHints":{"allow":["GET"]}}],"collection":[{"href":"https:\/\/mancomun.gal\/es\/wp-json\/wp\/v2\/posts"}],"about":[{"href":"https:\/\/mancomun.gal\/es\/wp-json\/wp\/v2\/types\/post"}],"author":[{"embeddable":true,"href":"https:\/\/mancomun.gal\/es\/wp-json\/wp\/v2\/users\/5"}],"replies":[{"embeddable":true,"href":"https:\/\/mancomun.gal\/es\/wp-json\/wp\/v2\/comments?post=34770"}],"version-history":[{"count":0,"href":"https:\/\/mancomun.gal\/es\/wp-json\/wp\/v2\/posts\/34770\/revisions"}],"wp:attachment":[{"href":"https:\/\/mancomun.gal\/es\/wp-json\/wp\/v2\/media?parent=34770"}],"wp:term":[{"taxonomy":"category","embeddable":true,"href":"https:\/\/mancomun.gal\/es\/wp-json\/wp\/v2\/categories?post=34770"},{"taxonomy":"post_tag","embeddable":true,"href":"https:\/\/mancomun.gal\/es\/wp-json\/wp\/v2\/tags?post=34770"}],"curies":[{"name":"wp","href":"https:\/\/api.w.org\/{rel}","templated":true}]}}