{"id":34771,"date":"2006-05-30T13:47:01","date_gmt":"2006-05-30T11:47:01","guid":{"rendered":"https:\/\/mancomun.gal\/plataformas-de-e-formacion\/"},"modified":"2023-05-09T15:12:13","modified_gmt":"2023-05-09T13:12:13","slug":"plataformas-de-e-formacion","status":"publish","type":"post","link":"https:\/\/mancomun.gal\/es\/plataformas-de-e-formacion\/","title":{"rendered":"Plataformas de e-formaci\u00f3n"},"content":{"rendered":"<p align=\"justify\"><img loading=\"lazy\" decoding=\"async\" width=\"191\" hspace=\"5\" height=\"154\" border=\"0\" align=\"left\" alt=\"Logo learning\" src=\"https:\/\/mancomun.gal\/wp-content\/uploads\/2022\/09\/learning.png\" \/>Dentro das xornadas que organiza a <a target=\"_blank\" title=\"Aula Tic da USC\" href=\"http:\/\/www.usc.es\/atpemes\" rel=\"noopener\">Aula TIC-PEME da Universidade de Santiago de Compostela<\/a> sobre aplicaci\u00f3ns Web de Software Libre para a PEME, este venres 2 de xu\u00f1o impartirase o segundo relatorio sobre plataformas de e-formaci\u00f3n. Ser\u00e1 na Facultade de Empresariais do Campus de Lugo.<\/p>\n<p>\nFalarase das vantaxes do e-learning, de metodolox\u00edas de aprendizaxe e se analizar\u00e1n en detalle d\u00faas plataformas libres, <a target=\"_blank\" href=\"http:\/\/moodle.org\" rel=\"noopener\"><span style=\"font-style: italic; font-weight: bold\">Moodle<\/span><\/a>  e <a target=\"_blank\" href=\"http:\/\/www.claroline.net\" rel=\"noopener\"><span style=\"font-style: italic; font-weight: bold\">Claroline<\/span><\/a>. A inscripci\u00f3n \u00e9 gratuita e se pode facer a trav\u00e9s da direcci\u00f3n web <a target=\"_blank\" title=\"Aula TIC da USC\" href=\"http:\/\/www.usc.es\/atpemes\" rel=\"noopener\">http:\/\/www.usc.es\/atpemes<\/a>.<\/p>\n","protected":false},"excerpt":{"rendered":"<p align=\"justify\"><img loading=\"lazy\" decoding=\"async\" width=\"191\" hspace=\"5\" height=\"154\" border=\"0\" align=\"left\" alt=\"Logo learning\" src=\"https:\/\/www.mancomun.gal\/wp-content\/uploads\/uploads\/pics\/stories\/learning.png\" \/>Dentro das xornadas que organiza a <a target=\"_blank\" title=\"Aula Tic da USC\" href=\"http:\/\/www.usc.es\/atpemes\" rel=\"noopener\">Aula TIC-PEME da Universidade de Santiago de Compostela<\/a> sobre aplicaci\u00f3ns Web de Software Libre para a PEME, este venres 2 de xu\u00f1o impartirase o segundo relatorio sobre plataformas de e-formaci\u00f3n. Ser\u00e1 na Facultade de Empresariais do Campus de Lugo.<\/p>\n","protected":false},"author":5,"featured_media":401,"comment_status":"open","ping_status":"open","sticky":false,"template":"","format":"standard","meta":{"footnotes":""},"categories":[],"tags":[],"class_list":["post-34771","post","type-post","status-publish","format-standard","has-post-thumbnail","hentry"],"acf":[],"_links":{"self":[{"href":"https:\/\/mancomun.gal\/es\/wp-json\/wp\/v2\/posts\/34771","targetHints":{"allow":["GET"]}}],"collection":[{"href":"https:\/\/mancomun.gal\/es\/wp-json\/wp\/v2\/posts"}],"about":[{"href":"https:\/\/mancomun.gal\/es\/wp-json\/wp\/v2\/types\/post"}],"author":[{"embeddable":true,"href":"https:\/\/mancomun.gal\/es\/wp-json\/wp\/v2\/users\/5"}],"replies":[{"embeddable":true,"href":"https:\/\/mancomun.gal\/es\/wp-json\/wp\/v2\/comments?post=34771"}],"version-history":[{"count":1,"href":"https:\/\/mancomun.gal\/es\/wp-json\/wp\/v2\/posts\/34771\/revisions"}],"predecessor-version":[{"id":34772,"href":"https:\/\/mancomun.gal\/es\/wp-json\/wp\/v2\/posts\/34771\/revisions\/34772"}],"wp:featuredmedia":[{"embeddable":true,"href":"https:\/\/mancomun.gal\/es\/wp-json\/wp\/v2\/media\/401"}],"wp:attachment":[{"href":"https:\/\/mancomun.gal\/es\/wp-json\/wp\/v2\/media?parent=34771"}],"wp:term":[{"taxonomy":"category","embeddable":true,"href":"https:\/\/mancomun.gal\/es\/wp-json\/wp\/v2\/categories?post=34771"},{"taxonomy":"post_tag","embeddable":true,"href":"https:\/\/mancomun.gal\/es\/wp-json\/wp\/v2\/tags?post=34771"}],"curies":[{"name":"wp","href":"https:\/\/api.w.org\/{rel}","templated":true}]}}