{"id":34773,"date":"2006-05-30T14:39:36","date_gmt":"2006-05-30T12:39:36","guid":{"rendered":"https:\/\/mancomun.gal\/openoffice-org-en-galego-para-mac\/"},"modified":"2023-05-09T15:16:45","modified_gmt":"2023-05-09T13:16:45","slug":"openoffice-org-en-galego-para-mac","status":"publish","type":"post","link":"https:\/\/mancomun.gal\/es\/openoffice-org-en-galego-para-mac\/","title":{"rendered":"OpenOffice.org en galego para Mac"},"content":{"rendered":"<p align=\"justify\"><img loading=\"lazy\" decoding=\"async\" width=\"40\" vspace=\"5\" hspace=\"5\" height=\"40\" border=\"0\" align=\"left\" alt=\"logo mac\" title=\"logo mac\" src=\"https:\/\/www.mancomun.gal\/wp-content\/uploads\/uploads\/pics\/mac.png\" \/>Acabamos de subir a versi\u00f3n en galego do OpenOffice.org 2.0 para Mac.<\/p>\n<div align=\"justify\"> <\/div>\n<p align=\"justify\">At\u00f3pase na secci\u00f3n de <a title=\"OpenOffice.org en galego\" href=\"index.php\/content\/view\/154\/107\/\">OpenOffice.org en galego<\/a>, as\u00ed como as instruci\u00f3ns para a s\u00faa instalaci\u00f3n. <\/p>\n<div align=\"justify\"> <\/div>\n<p align=\"justify\">Aqu\u00ed as ligaz\u00f3ns para a descarga: <\/p>\n<div align=\"justify\"> <\/div>\n<p align=\"justify\"><a target=\"_blank\" title=\"OpenOffice.org en galego para Mac\" href=\"http:\/\/openoffice.mancomun.org\/libreeengalego\/OpenOffice_ver_Mac\/OpenOffice.org-2.0_gl.dmg\" rel=\"noopener\">OpenOffice.org 2.0 para Mac<\/a> <\/p>\n<p align=\"justify\"><a target=\"_blank\" title=\"Instrucions instalacion mac odt\" href=\"http:\/\/openoffice.mancomun.org\/libreeengalego\/OpenOffice_ver_Mac\/Mac%20OS%20X%20instalacion.odt\" rel=\"noopener\">Instruci\u00f3ns Instalaci\u00f3n para Mac en formato odt<\/a><br \/><a target=\"_blank\" title=\"Instrucions instalacion mac pdf\" href=\"http:\/\/openoffice.mancomun.org\/libreeengalego\/OpenOffice_ver_Mac\/Mac%20OS%20X%20instalacion.pdf\" rel=\"noopener\">Instruci\u00f3ns Instalaci\u00f3n para Mac en formato pdf<\/a><\/p>\n<div align=\"justify\"> <\/div>\n<p align=\"justify\">\u00a0<\/p>\n<p><\/p>\n","protected":false},"excerpt":{"rendered":"<p align=\"justify\"><img loading=\"lazy\" decoding=\"async\" width=\"40\" vspace=\"5\" hspace=\"5\" height=\"40\" border=\"0\" align=\"left\" alt=\"logo mac\" title=\"logo mac\" src=\"https:\/\/www.mancomun.gal\/wp-content\/uploads\/uploads\/pics\/mac.png\" \/>Acabamos de subir a versi\u00f3n en galego do OpenOffice.org 2.0 para Mac.<\/p>\n<div align=\"justify\"> <\/div>\n<p align=\"justify\">At\u00f3pase na secci\u00f3n de <a title=\"OpenOffice.org en galego\" href=\"index.php\/content\/view\/154\/107\/\">OpenOffice.org en galego<\/a>, as\u00ed como as instruci\u00f3ns para a s\u00faa instalaci\u00f3n. <\/p>\n<div align=\"justify\"> <\/div>\n<p align=\"justify\">Aqu\u00ed as ligaz\u00f3ns para a descarga: <\/p>\n<div align=\"justify\"> <\/div>\n<p align=\"justify\"><a target=\"_blank\" title=\"OpenOffice.org en galego para Mac\" href=\"http:\/\/openoffice.mancomun.org\/libreeengalego\/OpenOffice_ver_Mac\/OpenOffice.org-2.0_gl.dmg\" rel=\"noopener\">OpenOffice.org 2.0 para Mac<\/a> <\/p>\n<p align=\"justify\"><a target=\"_blank\" title=\"Instrucions instalacion mac odt\" href=\"http:\/\/openoffice.mancomun.org\/libreeengalego\/OpenOffice_ver_Mac\/Mac%20OS%20X%20instalacion.odt\" rel=\"noopener\">Instruci\u00f3ns Instalaci\u00f3n para Mac en formato odt<\/a><br \/><a target=\"_blank\" title=\"Instrucions instalacion mac pdf\" href=\"http:\/\/openoffice.mancomun.org\/libreeengalego\/OpenOffice_ver_Mac\/Mac%20OS%20X%20instalacion.pdf\" rel=\"noopener\">Instruci\u00f3ns Instalaci\u00f3n para Mac en formato pdf<\/a><\/p>\n<div align=\"justify\"> <\/div>\n<p align=\"justify\">\u00a0<\/p>\n","protected":false},"author":5,"featured_media":0,"comment_status":"open","ping_status":"open","sticky":false,"template":"","format":"standard","meta":{"footnotes":""},"categories":[],"tags":[],"class_list":["post-34773","post","type-post","status-publish","format-standard","hentry"],"acf":[],"_links":{"self":[{"href":"https:\/\/mancomun.gal\/es\/wp-json\/wp\/v2\/posts\/34773","targetHints":{"allow":["GET"]}}],"collection":[{"href":"https:\/\/mancomun.gal\/es\/wp-json\/wp\/v2\/posts"}],"about":[{"href":"https:\/\/mancomun.gal\/es\/wp-json\/wp\/v2\/types\/post"}],"author":[{"embeddable":true,"href":"https:\/\/mancomun.gal\/es\/wp-json\/wp\/v2\/users\/5"}],"replies":[{"embeddable":true,"href":"https:\/\/mancomun.gal\/es\/wp-json\/wp\/v2\/comments?post=34773"}],"version-history":[{"count":1,"href":"https:\/\/mancomun.gal\/es\/wp-json\/wp\/v2\/posts\/34773\/revisions"}],"predecessor-version":[{"id":34774,"href":"https:\/\/mancomun.gal\/es\/wp-json\/wp\/v2\/posts\/34773\/revisions\/34774"}],"wp:attachment":[{"href":"https:\/\/mancomun.gal\/es\/wp-json\/wp\/v2\/media?parent=34773"}],"wp:term":[{"taxonomy":"category","embeddable":true,"href":"https:\/\/mancomun.gal\/es\/wp-json\/wp\/v2\/categories?post=34773"},{"taxonomy":"post_tag","embeddable":true,"href":"https:\/\/mancomun.gal\/es\/wp-json\/wp\/v2\/tags?post=34773"}],"curies":[{"name":"wp","href":"https:\/\/api.w.org\/{rel}","templated":true}]}}