{"id":34778,"date":"2006-06-01T10:07:39","date_gmt":"2006-06-01T08:07:39","guid":{"rendered":"https:\/\/mancomun.gal\/novidades-na-web-mancomun-org\/"},"modified":"2006-06-01T10:07:39","modified_gmt":"2006-06-01T08:07:39","slug":"novidades-na-web-mancomun-org","status":"publish","type":"post","link":"https:\/\/mancomun.gal\/es\/novidades-na-web-mancomun-org\/","title":{"rendered":"Novidades na web mancomun.org"},"content":{"rendered":"<p align=\"justify\">Acabamos de incorporar algunhas novidades na web. Entre elas, cabe destacar:<\/p>\n<div align=\"justify\"> <\/div>\n<p align=\"justify\">&#8211; Unha secci\u00f3n de descargas, onde est\u00e1 dispo\u00f1ible o <a title=\"OpenOffice.org en galego e port\u00e1til\" href=\"index.php\/component\/option,com_remository\/Itemid,111\/func,fileinfo\/id,9\/\">OpenOffice.org 2.0 port\u00e1til e en galego<\/a>  (contribu\u00eddo polo usuario dmunhiz), a <a title=\"Extension Corrector galego thunderbird\" href=\"index.php\/component\/option,com_remository\/Itemid,111\/func,fileinfo\/id,10\/\">extensi\u00f3n co corrector de galego<\/a>  para o Thunderbird, <a title=\"Fontes Libres\" href=\"index.php\/component\/option,com_remository\/Itemid,111\/func,fileinfo\/id,16\/\">fontes libres<\/a>  para editores de texto para substitu\u00edr \u00e1s co\u00f1ecidas Times New Roman, Verdana e Arial;e m\u00e1is cousas que pronto estar\u00e1n dispo\u00f1ibles. <\/p>\n<div align=\"justify\"> <\/div>\n<p align=\"justify\">&#8211; Novas ligaz\u00f3ns, con referencias a <a title=\"Tipograf\u00edas e imaxes libres\" href=\"index.php\/component\/option,com_weblinks\/catid,46\/Itemid,23\/\">p\u00e1xinas de descarga de tipograf\u00edas, imaxes e dese\u00f1os para webs libres<\/a>. <\/p>\n<div align=\"justify\"> <\/div>\n<p align=\"justify\">&#8211; Un novo foro de \u00ab<a title=\"Foro Localizaci\u00f3n ao galego de software\" href=\"index.php\/component\/option,com_joomlaboard\/Itemid,34\/task,listcat\/catid,15\/\">Localizaci\u00f3n ao galego de software<\/a>\u00ab, para coordinar \u00e1 xente interesada en localizar alg\u00fan tipo de software.<\/p>\n<p><\/p>\n","protected":false},"excerpt":{"rendered":"<p align=\"justify\">Acabamos de incorporar algunhas novidades na web. Entre elas, cabe destacar:<\/p>\n<div align=\"justify\"> <\/div>\n<p align=\"justify\">&#8211; Unha secci\u00f3n de descargas, onde est\u00e1 dispo\u00f1ible o <a title=\"OpenOffice.org en galego e port\u00e1til\" href=\"index.php\/component\/option,com_remository\/Itemid,111\/func,fileinfo\/id,9\/\">OpenOffice.org 2.0 port\u00e1til e en galego<\/a>  (contribu\u00eddo polo usuario dmunhiz), a <a title=\"Extension Corrector galego thunderbird\" href=\"index.php\/component\/option,com_remository\/Itemid,111\/func,fileinfo\/id,10\/\">extensi\u00f3n co corrector de galego<\/a>  para o Thunderbird, <a title=\"Fontes Libres\" href=\"index.php\/component\/option,com_remository\/Itemid,111\/func,fileinfo\/id,16\/\">fontes libres<\/a>  para editores de texto para substitu\u00edr \u00e1s co\u00f1ecidas Times New Roman, Verdana e Arial;e m\u00e1is cousas que pronto estar\u00e1n dispo\u00f1ibles. <\/p>\n<div align=\"justify\"> <\/div>\n<p align=\"justify\">&#8211; Novas ligaz\u00f3ns, con referencias a <a title=\"Tipograf\u00edas e imaxes libres\" href=\"index.php\/component\/option,com_weblinks\/catid,46\/Itemid,23\/\">p\u00e1xinas de descarga de tipograf\u00edas, imaxes e dese\u00f1os para webs libres<\/a>. <\/p>\n<div align=\"justify\"> <\/div>\n<p align=\"justify\">&#8211; Un novo foro de \u00ab<a title=\"Foro Localizaci\u00f3n ao galego de software\" href=\"index.php\/component\/option,com_joomlaboard\/Itemid,34\/task,listcat\/catid,15\/\">Localizaci\u00f3n ao galego de software<\/a>\u00ab, para coordinar \u00e1 xente interesada en localizar alg\u00fan tipo de software.<\/p>\n","protected":false},"author":5,"featured_media":0,"comment_status":"open","ping_status":"open","sticky":false,"template":"","format":"standard","meta":{"footnotes":""},"categories":[],"tags":[],"class_list":["post-34778","post","type-post","status-publish","format-standard","hentry"],"acf":[],"_links":{"self":[{"href":"https:\/\/mancomun.gal\/es\/wp-json\/wp\/v2\/posts\/34778","targetHints":{"allow":["GET"]}}],"collection":[{"href":"https:\/\/mancomun.gal\/es\/wp-json\/wp\/v2\/posts"}],"about":[{"href":"https:\/\/mancomun.gal\/es\/wp-json\/wp\/v2\/types\/post"}],"author":[{"embeddable":true,"href":"https:\/\/mancomun.gal\/es\/wp-json\/wp\/v2\/users\/5"}],"replies":[{"embeddable":true,"href":"https:\/\/mancomun.gal\/es\/wp-json\/wp\/v2\/comments?post=34778"}],"version-history":[{"count":0,"href":"https:\/\/mancomun.gal\/es\/wp-json\/wp\/v2\/posts\/34778\/revisions"}],"wp:attachment":[{"href":"https:\/\/mancomun.gal\/es\/wp-json\/wp\/v2\/media?parent=34778"}],"wp:term":[{"taxonomy":"category","embeddable":true,"href":"https:\/\/mancomun.gal\/es\/wp-json\/wp\/v2\/categories?post=34778"},{"taxonomy":"post_tag","embeddable":true,"href":"https:\/\/mancomun.gal\/es\/wp-json\/wp\/v2\/tags?post=34778"}],"curies":[{"name":"wp","href":"https:\/\/api.w.org\/{rel}","templated":true}]}}