{"id":34788,"date":"2006-06-02T12:02:12","date_gmt":"2006-06-02T10:02:12","guid":{"rendered":"https:\/\/mancomun.gal\/carrefour-vendera-portatiles-con-gnulinux\/"},"modified":"2006-06-02T12:02:12","modified_gmt":"2006-06-02T10:02:12","slug":"carrefour-vendera-portatiles-con-gnulinux","status":"publish","type":"post","link":"https:\/\/mancomun.gal\/es\/carrefour-vendera-portatiles-con-gnulinux\/","title":{"rendered":"Carrefour vender\u00e1 port\u00e1tiles con GNU\/Linux"},"content":{"rendered":"<p align=\"justify\">Segundo se pode ler en <a target=\"_blank\" title=\"Barrapunto: Port\u00e1tiles con GNU\/linux en Carrefour\" href=\"http:\/\/barrapunto.com\/article.pl?sid=06\/06\/01\/1311239&#038;mode=flat\" rel=\"noopener\">Barrapunto<\/a>, os grandes almac\u00e9ns Carrefour, venden xa port\u00e1tiles equipados con Software Libre, concretamente co sistema operativo GNU\/Linux. A oferta pode lerse na propia <a target=\"_blank\" title=\"Port\u00e1tiles de Carrefour on-line\" href=\"http:\/\/www.tecnologia.carrefour.es\/electronic.asp?Query=NextLevelPage&#038;ProdTypeId=13&#038;CatId=1004040\" rel=\"noopener\">p\u00e1xina da empresa<\/a> .<\/p>\n<p align=\"justify\">\u00c9 de salientar a importancia da penetraci\u00f3n que o Software Libre est\u00e1 a ter nas grandes superficies comerciais ultimamente, grazas en parte \u00e1 demanda social deste tipo de produtos, e \u00e1s campa\u00f1as de informaci\u00f3n e concienciaci\u00f3n que se est\u00e1n a levar a cabo dende hai anos polas asociaci\u00f3ns de Software Libre, e dende alg\u00fan tempo xa, pola Xunta de Galicia.<\/p>\n<p><\/p>\n","protected":false},"excerpt":{"rendered":"<p align=\"justify\">Segundo se pode ler en <a target=\"_blank\" title=\"Barrapunto: Port\u00e1tiles con GNU\/linux en Carrefour\" href=\"http:\/\/barrapunto.com\/article.pl?sid=06\/06\/01\/1311239&#038;mode=flat\" rel=\"noopener\">Barrapunto<\/a>, os grandes almac\u00e9ns Carrefour, venden xa port\u00e1tiles equipados con Software Libre, concretamente co sistema operativo GNU\/Linux. A oferta pode lerse na propia <a target=\"_blank\" title=\"Port\u00e1tiles de Carrefour on-line\" href=\"http:\/\/www.tecnologia.carrefour.es\/electronic.asp?Query=NextLevelPage&#038;ProdTypeId=13&#038;CatId=1004040\" rel=\"noopener\">p\u00e1xina da empresa<\/a> .<\/p>\n<p align=\"justify\">\u00c9 de salientar a importancia da penetraci\u00f3n que o Software Libre est\u00e1 a ter nas grandes superficies comerciais ultimamente, grazas en parte \u00e1 demanda social deste tipo de produtos, e \u00e1s campa\u00f1as de informaci\u00f3n e concienciaci\u00f3n que se est\u00e1n a levar a cabo dende hai anos polas asociaci\u00f3ns de Software Libre, e dende alg\u00fan tempo xa, pola Xunta de Galicia.<\/p>\n","protected":false},"author":5,"featured_media":0,"comment_status":"open","ping_status":"open","sticky":false,"template":"","format":"standard","meta":{"footnotes":""},"categories":[],"tags":[],"class_list":["post-34788","post","type-post","status-publish","format-standard","hentry"],"acf":[],"_links":{"self":[{"href":"https:\/\/mancomun.gal\/es\/wp-json\/wp\/v2\/posts\/34788","targetHints":{"allow":["GET"]}}],"collection":[{"href":"https:\/\/mancomun.gal\/es\/wp-json\/wp\/v2\/posts"}],"about":[{"href":"https:\/\/mancomun.gal\/es\/wp-json\/wp\/v2\/types\/post"}],"author":[{"embeddable":true,"href":"https:\/\/mancomun.gal\/es\/wp-json\/wp\/v2\/users\/5"}],"replies":[{"embeddable":true,"href":"https:\/\/mancomun.gal\/es\/wp-json\/wp\/v2\/comments?post=34788"}],"version-history":[{"count":0,"href":"https:\/\/mancomun.gal\/es\/wp-json\/wp\/v2\/posts\/34788\/revisions"}],"wp:attachment":[{"href":"https:\/\/mancomun.gal\/es\/wp-json\/wp\/v2\/media?parent=34788"}],"wp:term":[{"taxonomy":"category","embeddable":true,"href":"https:\/\/mancomun.gal\/es\/wp-json\/wp\/v2\/categories?post=34788"},{"taxonomy":"post_tag","embeddable":true,"href":"https:\/\/mancomun.gal\/es\/wp-json\/wp\/v2\/tags?post=34788"}],"curies":[{"name":"wp","href":"https:\/\/api.w.org\/{rel}","templated":true}]}}