{"id":35503,"date":"2007-02-12T09:27:24","date_gmt":"2007-02-12T08:27:24","guid":{"rendered":"https:\/\/mancomun.gal\/creacion-de-comunidades-virtuaisredes-libres-e-wireless-en-compostela\/"},"modified":"2007-02-12T09:27:24","modified_gmt":"2007-02-12T08:27:24","slug":"creacion-de-comunidades-virtuaisredes-libres-e-wireless-en-compostela","status":"publish","type":"post","link":"https:\/\/mancomun.gal\/es\/creacion-de-comunidades-virtuaisredes-libres-e-wireless-en-compostela\/","title":{"rendered":"Creaci\u00f3n de Comunidades Virtuais\/Redes Libres e Wireless en Compostela"},"content":{"rendered":"<div align=\"justify\">O Concello de Santiago, dentro do seu ciclo de conferencias <a target=\"_blank\" title=\"No Ensanche Software Libre\" href=\"index.php\/component\/option,com_extcalendar\/Itemid,99999999\/extmode,view\/extid,105\/\" rel=\"noopener\"><em>No ensanche: Software Libre<\/em><\/a>  ofrece hoxe d\u00eda 12 de febreiro unha charla sobre a <em>Creaci\u00f3n de Comunidades Virtuais\/Redes Libres e Wireless<\/em>. As diferentes charlas complem\u00e9ntanse con cursos sobre inform\u00e1tica b\u00e1sica, dese\u00f1o e retoque fotogr\u00e1fico a trav\u00e9s de <a target=\"_blank\" title=\"The Gimp\" href=\"http:\/\/gl.wikipedia.org\/wiki\/GIMP\" rel=\"noopener\">The Gimp<\/a>  ou ofim\u00e1tica a trav\u00e9s de <a target=\"_blank\" title=\"OpenOffice.org\" href=\"http:\/\/gl.wikipedia.org\/wiki\/OpenOffice\" rel=\"noopener\">OpenOffice.org<\/a>. As asociaci\u00f3ns <a title=\"Compostela Wireless\" target=\"_blank\" href=\"http:\/\/www.compostelawireless.net\/modules\/news\/\" rel=\"noopener\">Compostela Wireless<\/a>, <a target=\"_blank\" title=\"GLUG\" href=\"http:\/\/www.glug.es\/\" rel=\"noopener\">GLUG<\/a>  e <a target=\"_blank\" title=\"AULUSC\" href=\"http:\/\/www.aulusc.org.es\/\" rel=\"noopener\">AULUSC<\/a>  participan nesta iniciativa.\u00a0  <\/div>\n<div align=\"justify\">\u00a0<\/div>\n<p><\/p>\n<div align=\"justify\">Tedes toda a informaci\u00f3n no <a title=\"Calendario de Eventos\" target=\"_blank\" href=\"https:\/\/www.mancomun.gal\/index.php?option=com_extcalendar&#038;extmode=day&#038;date=2007-02-12\" rel=\"noopener\">calendario de eventos<\/a>  de Mancomun.org.<\/div>\n","protected":false},"excerpt":{"rendered":"<div align=\"justify\">O Concello de Santiago, dentro do seu ciclo de conferencias <a target=\"_blank\" title=\"No Ensanche Software Libre\" href=\"index.php\/component\/option,com_extcalendar\/Itemid,99999999\/extmode,view\/extid,105\/\" rel=\"noopener\"><em>No ensanche: Software Libre<\/em><\/a>  ofrece hoxe d\u00eda 12 de febreiro unha charla sobre a <em>Creaci\u00f3n de Comunidades Virtuais\/Redes Libres e Wireless<\/em>. As diferentes charlas complem\u00e9ntanse con cursos sobre inform\u00e1tica b\u00e1sica, dese\u00f1o e retoque fotogr\u00e1fico a trav\u00e9s de <a target=\"_blank\" title=\"The Gimp\" href=\"http:\/\/gl.wikipedia.org\/wiki\/GIMP\" rel=\"noopener\">The Gimp<\/a>  ou ofim\u00e1tica a trav\u00e9s de <a target=\"_blank\" title=\"OpenOffice.org\" href=\"http:\/\/gl.wikipedia.org\/wiki\/OpenOffice\" rel=\"noopener\">OpenOffice.org<\/a>. As asociaci\u00f3ns <a title=\"Compostela Wireless\" target=\"_blank\" href=\"http:\/\/www.compostelawireless.net\/modules\/news\/\" rel=\"noopener\">Compostela Wireless<\/a>, <a target=\"_blank\" title=\"GLUG\" href=\"http:\/\/www.glug.es\/\" rel=\"noopener\">GLUG<\/a>  e <a target=\"_blank\" title=\"AULUSC\" href=\"http:\/\/www.aulusc.org.es\/\" rel=\"noopener\">AULUSC<\/a>  participan nesta iniciativa.\u00a0  <\/div>\n<div align=\"justify\">\u00a0<\/div>\n","protected":false},"author":5,"featured_media":0,"comment_status":"open","ping_status":"open","sticky":false,"template":"","format":"standard","meta":{"footnotes":""},"categories":[],"tags":[],"class_list":["post-35503","post","type-post","status-publish","format-standard","hentry"],"acf":[],"_links":{"self":[{"href":"https:\/\/mancomun.gal\/es\/wp-json\/wp\/v2\/posts\/35503","targetHints":{"allow":["GET"]}}],"collection":[{"href":"https:\/\/mancomun.gal\/es\/wp-json\/wp\/v2\/posts"}],"about":[{"href":"https:\/\/mancomun.gal\/es\/wp-json\/wp\/v2\/types\/post"}],"author":[{"embeddable":true,"href":"https:\/\/mancomun.gal\/es\/wp-json\/wp\/v2\/users\/5"}],"replies":[{"embeddable":true,"href":"https:\/\/mancomun.gal\/es\/wp-json\/wp\/v2\/comments?post=35503"}],"version-history":[{"count":0,"href":"https:\/\/mancomun.gal\/es\/wp-json\/wp\/v2\/posts\/35503\/revisions"}],"wp:attachment":[{"href":"https:\/\/mancomun.gal\/es\/wp-json\/wp\/v2\/media?parent=35503"}],"wp:term":[{"taxonomy":"category","embeddable":true,"href":"https:\/\/mancomun.gal\/es\/wp-json\/wp\/v2\/categories?post=35503"},{"taxonomy":"post_tag","embeddable":true,"href":"https:\/\/mancomun.gal\/es\/wp-json\/wp\/v2\/tags?post=35503"}],"curies":[{"name":"wp","href":"https:\/\/api.w.org\/{rel}","templated":true}]}}