{"id":35508,"date":"2007-02-12T11:58:19","date_gmt":"2007-02-12T10:58:19","guid":{"rendered":"https:\/\/mancomun.gal\/o-bizpoint-abordara-a-interoperabilidade-e-os-estandares-abertos-na-administracion-e-nas-empresas\/"},"modified":"2007-02-12T11:58:19","modified_gmt":"2007-02-12T10:58:19","slug":"o-bizpoint-abordara-a-interoperabilidade-e-os-estandares-abertos-na-administracion-e-nas-empresas","status":"publish","type":"post","link":"https:\/\/mancomun.gal\/es\/o-bizpoint-abordara-a-interoperabilidade-e-os-estandares-abertos-na-administracion-e-nas-empresas\/","title":{"rendered":"O BizPoint abordar\u00e1 a interoperabilidade e os est\u00e1ndares abertos na administraci\u00f3n e nas empresas"},"content":{"rendered":"<p><!-- \t\t@page { size: 21cm 29.7cm; margin: 2cm } \t\tP { margin-bottom: 0.21cm } \t--> \t  <\/p>\n<p align=\"justify\"><a title=\"BizPoint\" target=\"_blank\" href=\"http:\/\/ichnos.e-negociogalicia.com\/content\/view\/1354\/2\/lang,ga\/\" rel=\"noopener\">BizPoint<\/a>  \u00e9 a Conferencia Internacional sobre Xanelas \u00danicas Empresariais, Administraci\u00f3n de cara \u00e1s Empresas (A2B) e Apoio a Empresas que reunir\u00e1 en Santiago de Compostela as principais instituci\u00f3ns e expertos europeos na materia. No transcurso deste evento abordaranse diversas cuesti\u00f3ns relacionadas co Software Libre como a necesidade de que as instituci\u00f3ns garantan a interoperabilidade, o libre aceso \u00e1 informaci\u00f3n p\u00fablica ou aos est\u00e1ndares abertos. O foro celebrarase o xoves, 15 de febreiro, no Pazo de Congresos de Santiago de Compostela.<\/p>\n<p><\/p>\n<div align=\"justify\">   \t \t \t \t \t \t \t \t \t<!-- \t\t@page { size: 21cm 29.7cm; margin: 2cm } \t\tP { margin-bottom: 0.21cm } \t--> \t  <\/div>\n<p align=\"justify\">   \t \t \t \t \t \t \t \t \t<!-- \t\t@page { size: 21cm 29.7cm; margin: 2cm } \t\tP { margin-bottom: 0.21cm } \t--> \t  <\/p>\n<p align=\"justify\">BizPoint conv\u00e9rtese nun evento de relevante actualidade tras a recente aprobaci\u00f3n das directivas europeas que requiren aos pa\u00edses membros que creen servizos de tramitaci\u00f3n empresarial m\u00e1is \u00e1xiles e abordar\u00e1 temas como as experiencias de xanelas \u00fanicas empresariais en Europa, as claves da tramitaci\u00f3n electr\u00f3nica das empresas coa administraci\u00f3n ou como se constituir\u00e1n as empresas do futuro.<\/p>\n<div align=\"justify\"> <\/div>\n<p align=\"justify\">A conferencia est\u00e1 organizada polo proxecto europeo <a title=\"Ichnos\" target=\"_blank\" href=\"http:\/\/www.ichnos-project.org\/galicia\/index.php?akce=clanek&#038;id_clanek=1\" rel=\"noopener\">ICHNOS<\/a>\u2013Innovation and Change: Network of One-Stop Shops-, unha iniciativa que se puxo en marcha en marzo de 2005 que parte da premisa de que a implementaci\u00f3n de xanelas \u00fanicas ou puntos de acceso \u00fanicos empresariais representa, en moitas rexi\u00f3ns, un instrumento clave para promocionar o desenvolvemento local.<\/p>\n","protected":false},"excerpt":{"rendered":"<p><!-- \t\t@page { size: 21cm 29.7cm; margin: 2cm } \t\tP { margin-bottom: 0.21cm } \t--> \t  <\/p>\n<p align=\"justify\"><a title=\"BizPoint\" target=\"_blank\" href=\"http:\/\/ichnos.e-negociogalicia.com\/content\/view\/1354\/2\/lang,ga\/\" rel=\"noopener\">BizPoint<\/a>  \u00e9 a Conferencia Internacional sobre Xanelas \u00danicas Empresariais, Administraci\u00f3n de cara \u00e1s Empresas (A2B) e Apoio a Empresas que reunir\u00e1 en Santiago de Compostela as principais instituci\u00f3ns e expertos europeos na materia. No transcurso deste evento abordaranse diversas cuesti\u00f3ns relacionadas co Software Libre como a necesidade de que as instituci\u00f3ns garantan a interoperabilidade, o libre aceso \u00e1 informaci\u00f3n p\u00fablica ou aos est\u00e1ndares abertos. O foro celebrarase o xoves, 15 de febreiro, no Pazo de Congresos de Santiago de Compostela.<\/p>\n","protected":false},"author":5,"featured_media":0,"comment_status":"open","ping_status":"open","sticky":false,"template":"","format":"standard","meta":{"footnotes":""},"categories":[],"tags":[],"class_list":["post-35508","post","type-post","status-publish","format-standard","hentry"],"acf":[],"_links":{"self":[{"href":"https:\/\/mancomun.gal\/es\/wp-json\/wp\/v2\/posts\/35508","targetHints":{"allow":["GET"]}}],"collection":[{"href":"https:\/\/mancomun.gal\/es\/wp-json\/wp\/v2\/posts"}],"about":[{"href":"https:\/\/mancomun.gal\/es\/wp-json\/wp\/v2\/types\/post"}],"author":[{"embeddable":true,"href":"https:\/\/mancomun.gal\/es\/wp-json\/wp\/v2\/users\/5"}],"replies":[{"embeddable":true,"href":"https:\/\/mancomun.gal\/es\/wp-json\/wp\/v2\/comments?post=35508"}],"version-history":[{"count":0,"href":"https:\/\/mancomun.gal\/es\/wp-json\/wp\/v2\/posts\/35508\/revisions"}],"wp:attachment":[{"href":"https:\/\/mancomun.gal\/es\/wp-json\/wp\/v2\/media?parent=35508"}],"wp:term":[{"taxonomy":"category","embeddable":true,"href":"https:\/\/mancomun.gal\/es\/wp-json\/wp\/v2\/categories?post=35508"},{"taxonomy":"post_tag","embeddable":true,"href":"https:\/\/mancomun.gal\/es\/wp-json\/wp\/v2\/tags?post=35508"}],"curies":[{"name":"wp","href":"https:\/\/api.w.org\/{rel}","templated":true}]}}