{"id":35512,"date":"2007-02-13T09:41:50","date_gmt":"2007-02-13T08:41:50","guid":{"rendered":"https:\/\/mancomun.gal\/os-encontros-de-ubuntu-teran-lugar-en-sevilla\/"},"modified":"2023-05-09T17:12:42","modified_gmt":"2023-05-09T15:12:42","slug":"os-encontros-de-ubuntu-teran-lugar-en-sevilla","status":"publish","type":"post","link":"https:\/\/mancomun.gal\/es\/os-encontros-de-ubuntu-teran-lugar-en-sevilla\/","title":{"rendered":"Os encontros de Ubuntu ter\u00e1n lugar en Sevilla"},"content":{"rendered":"<p align=\"justify\"> <img loading=\"lazy\" decoding=\"async\" width=\"100\" vspace=\"10\" hspace=\"10\" height=\"100\" border=\"0\" align=\"right\" alt=\"http:\/\/www.mancomun.org\/images\/stories\/ubuntu.png\" title=\"http:\/\/www.mancomun.org\/images\/stories\/ubuntu.png\" src=\"https:\/\/mancomun.gal\/wp-content\/uploads\/2022\/09\/ubuntu.png\" \/>Ubuntu anunciou que, do 3 ao 11 de maio, Sevilla ser\u00e1 a sede dos encontros de Ubuntu.<\/p>\n<p align=\"justify\">Do 3 ao 4 de maio de 2007 ter\u00e1 lugar o encontro de educaci\u00f3n Ubuntu dirixido a usuarios e todos aqueles que apostan polos produtos de Ubuntu no sector da educaci\u00f3n.<\/p>\n<p align=\"justify\">O 5 de maio ter\u00e1 lugar o encontro Ubuncon que \u00e9 unha reuni\u00f3n da comunidade Ubuntu, coa finalidade de intercambiar experiencias.<\/p>\n<p align=\"justify\">Do 6 ao 11 de maio ter\u00e1 lugar o encontro de desenvolvedores de Ubuntu.<\/p>\n<p align=\"justify\"> Sen d\u00fabida esta \u00e9 unha boa nova para t\u00f3dolos seguidores de Ubuntu xa que estas ser\u00e1n unhas xornadas moi propicias para o intercambio de co\u00f1ecemento sobre Software Libre&#8230; <\/p>\n<p><\/p>\n<p align=\"justify\">Fontes:<\/p>\n<p align=\"justify\"><a title=\"http:\/\/wiki.ubuntu.com\/UES-Sevilla\" target=\"_blank\" href=\"http:\/\/wiki.ubuntu.com\/UES-Sevilla\" rel=\"noopener\">http:\/\/wiki.ubuntu.com\/UES-Sevilla<\/a> <\/p>\n<p align=\"justify\"><a title=\"http:\/\/wiki.ubuntu.com\/UbuconSevilla\" target=\"_blank\" href=\"http:\/\/wiki.ubuntu.com\/UbuconSevilla\" rel=\"noopener\">http:\/\/wiki.ubuntu.com\/UbuconSevilla<\/a> <\/p>\n<p align=\"justify\"><a title=\"http:\/\/www.ubuntulive.com\/\" target=\"_blank\" href=\"http:\/\/www.ubuntulive.com\" rel=\"noopener\">http:\/\/www.ubuntulive.com<\/a><\/p>\n<p align=\"justify\">\u00a0<\/p>\n","protected":false},"excerpt":{"rendered":"<p align=\"justify\"> <img loading=\"lazy\" decoding=\"async\" width=\"100\" vspace=\"10\" hspace=\"10\" height=\"100\" border=\"0\" align=\"right\" alt=\"http:\/\/www.mancomun.org\/images\/stories\/ubuntu.png\" title=\"http:\/\/www.mancomun.org\/images\/stories\/ubuntu.png\" src=\"https:\/\/www.mancomun.gal\/wp-content\/uploads\/uploads\/pics\/stories\/ubuntu.png\" \/>Ubuntu anunciou que, do 3 ao 11 de maio, Sevilla ser\u00e1 a sede dos encontros de Ubuntu.<\/p>\n<p align=\"justify\">Do 3 ao 4 de maio de 2007 ter\u00e1 lugar o encontro de educaci\u00f3n Ubuntu dirixido a usuarios e todos aqueles que apostan polos produtos de Ubuntu no sector da educaci\u00f3n.<\/p>\n<p align=\"justify\">O 5 de maio ter\u00e1 lugar o encontro Ubuncon que \u00e9 unha reuni\u00f3n da comunidade Ubuntu, coa finalidade de intercambiar experiencias.<\/p>\n<p align=\"justify\">Do 6 ao 11 de maio ter\u00e1 lugar o encontro de desenvolvedores de Ubuntu.<\/p>\n<p align=\"justify\"> Sen d\u00fabida esta \u00e9 unha boa nova para t\u00f3dolos seguidores de Ubuntu xa que estas ser\u00e1n unhas xornadas moi propicias para o intercambio de co\u00f1ecemento sobre Software Libre&#8230; <\/p>\n","protected":false},"author":5,"featured_media":163,"comment_status":"open","ping_status":"open","sticky":false,"template":"","format":"standard","meta":{"footnotes":""},"categories":[],"tags":[],"class_list":["post-35512","post","type-post","status-publish","format-standard","has-post-thumbnail","hentry"],"acf":[],"_links":{"self":[{"href":"https:\/\/mancomun.gal\/es\/wp-json\/wp\/v2\/posts\/35512","targetHints":{"allow":["GET"]}}],"collection":[{"href":"https:\/\/mancomun.gal\/es\/wp-json\/wp\/v2\/posts"}],"about":[{"href":"https:\/\/mancomun.gal\/es\/wp-json\/wp\/v2\/types\/post"}],"author":[{"embeddable":true,"href":"https:\/\/mancomun.gal\/es\/wp-json\/wp\/v2\/users\/5"}],"replies":[{"embeddable":true,"href":"https:\/\/mancomun.gal\/es\/wp-json\/wp\/v2\/comments?post=35512"}],"version-history":[{"count":1,"href":"https:\/\/mancomun.gal\/es\/wp-json\/wp\/v2\/posts\/35512\/revisions"}],"predecessor-version":[{"id":35513,"href":"https:\/\/mancomun.gal\/es\/wp-json\/wp\/v2\/posts\/35512\/revisions\/35513"}],"wp:featuredmedia":[{"embeddable":true,"href":"https:\/\/mancomun.gal\/es\/wp-json\/wp\/v2\/media\/163"}],"wp:attachment":[{"href":"https:\/\/mancomun.gal\/es\/wp-json\/wp\/v2\/media?parent=35512"}],"wp:term":[{"taxonomy":"category","embeddable":true,"href":"https:\/\/mancomun.gal\/es\/wp-json\/wp\/v2\/categories?post=35512"},{"taxonomy":"post_tag","embeddable":true,"href":"https:\/\/mancomun.gal\/es\/wp-json\/wp\/v2\/tags?post=35512"}],"curies":[{"name":"wp","href":"https:\/\/api.w.org\/{rel}","templated":true}]}}