{"id":35514,"date":"2007-02-13T09:46:57","date_gmt":"2007-02-13T08:46:57","guid":{"rendered":"https:\/\/mancomun.gal\/a-iv-conferencia-de-software-libre-sera-en-malaga\/"},"modified":"2007-02-13T09:46:57","modified_gmt":"2007-02-13T08:46:57","slug":"a-iv-conferencia-de-software-libre-sera-en-malaga","status":"publish","type":"post","link":"https:\/\/mancomun.gal\/es\/a-iv-conferencia-de-software-libre-sera-en-malaga\/","title":{"rendered":"A IV Conferencia de Software Libre ser\u00e1 en M\u00e1laga"},"content":{"rendered":"<p align=\"justify\">A Cuarta Conferencia Internacional de Software Libre de M\u00e1laga 2008 amosar\u00e1 a vitalidade do software no eido social, e de maneira espec\u00edfica, nas grandes corporaci\u00f3ns p\u00fablicas e empresariais. A pr\u00f3xima Conferencia de M\u00e1laga 2008, que se celebrar\u00e1 os d\u00edas <em>20, 21 e 22 de febreiro<\/em>, xa foi presentada por Jos\u00e9 Mar\u00eda Rodr\u00edguez S\u00e1nchez, director xeral de Innovaci\u00f3n e Administraci\u00f3ns P\u00fablicas da Conseller\u00eda de Innovaci\u00f3n, Ciencia e Empresa da Junta de Andaluc\u00eda, durante a <a title=\"http:\/\/www.freesoftwareworldconference.com\/\" target=\"_blank\" href=\"http:\/\/www.freesoftwareworldconference.com\/\" rel=\"noopener\">Conferencia Internacional de Software Libre 3.0<\/a>  que se desenvolveu en Badajoz.<\/p>\n<p><\/p>\n<p align=\"justify\" style=\"margin-bottom: 0cm\">A Conferencia de M\u00e1laga 2008 prev\u00e9 reunir, nun espazo de 4.000 metros cadrados do Palacio de Exposici\u00f3ns e Congresos de M\u00e1laga, a uns 6.000 asistentes e a m\u00e1is de 200 po\u00f1entes, entre eles autoridades do mundo do Software Libre e representantes das instituci\u00f3ns p\u00fablicas, a empresa, as telecomunicaci\u00f3ns e o eido acad\u00e9mico. Esp\u00e9rase acoller ademais a m\u00e1is de 100 entidades entre empresas e instituci\u00f3ns p\u00fablicas na conferencia que est\u00e1 organizada pola Junta de Andaluc\u00eda, coa colaboraci\u00f3n da Junta de Extremadura e importantes empresas e entidades do sector.<\/p>\n<p> Fonte: <a title=\"http:\/\/www.opensourceworldconference.com\/malaga06\/es\/modules\/news\/article.php?storyid=613\" target=\"_blank\" href=\"http:\/\/www.opensourceworldconference.com\/malaga06\/es\/modules\/news\/article.php?storyid=613\" rel=\"noopener\">Conferencia Internacional de Software Libre<\/a> <\/p>\n","protected":false},"excerpt":{"rendered":"<p align=\"justify\">A Cuarta Conferencia Internacional de Software Libre de M\u00e1laga 2008 amosar\u00e1 a vitalidade do software no eido social, e de maneira espec\u00edfica, nas grandes corporaci\u00f3ns p\u00fablicas e empresariais. A pr\u00f3xima Conferencia de M\u00e1laga 2008, que se celebrar\u00e1 os d\u00edas <em>20, 21 e 22 de febreiro<\/em>, xa foi presentada por Jos\u00e9 Mar\u00eda Rodr\u00edguez S\u00e1nchez, director xeral de Innovaci\u00f3n e Administraci\u00f3ns P\u00fablicas da Conseller\u00eda de Innovaci\u00f3n, Ciencia e Empresa da Junta de Andaluc\u00eda, durante a <a title=\"http:\/\/www.freesoftwareworldconference.com\/\" target=\"_blank\" href=\"http:\/\/www.freesoftwareworldconference.com\/\" rel=\"noopener\">Conferencia Internacional de Software Libre 3.0<\/a>  que se desenvolveu en Badajoz.<\/p>\n","protected":false},"author":5,"featured_media":0,"comment_status":"open","ping_status":"open","sticky":false,"template":"","format":"standard","meta":{"footnotes":""},"categories":[],"tags":[],"class_list":["post-35514","post","type-post","status-publish","format-standard","hentry"],"acf":[],"_links":{"self":[{"href":"https:\/\/mancomun.gal\/es\/wp-json\/wp\/v2\/posts\/35514","targetHints":{"allow":["GET"]}}],"collection":[{"href":"https:\/\/mancomun.gal\/es\/wp-json\/wp\/v2\/posts"}],"about":[{"href":"https:\/\/mancomun.gal\/es\/wp-json\/wp\/v2\/types\/post"}],"author":[{"embeddable":true,"href":"https:\/\/mancomun.gal\/es\/wp-json\/wp\/v2\/users\/5"}],"replies":[{"embeddable":true,"href":"https:\/\/mancomun.gal\/es\/wp-json\/wp\/v2\/comments?post=35514"}],"version-history":[{"count":0,"href":"https:\/\/mancomun.gal\/es\/wp-json\/wp\/v2\/posts\/35514\/revisions"}],"wp:attachment":[{"href":"https:\/\/mancomun.gal\/es\/wp-json\/wp\/v2\/media?parent=35514"}],"wp:term":[{"taxonomy":"category","embeddable":true,"href":"https:\/\/mancomun.gal\/es\/wp-json\/wp\/v2\/categories?post=35514"},{"taxonomy":"post_tag","embeddable":true,"href":"https:\/\/mancomun.gal\/es\/wp-json\/wp\/v2\/tags?post=35514"}],"curies":[{"name":"wp","href":"https:\/\/api.w.org\/{rel}","templated":true}]}}