{"id":35528,"date":"2007-02-16T08:49:16","date_gmt":"2007-02-16T07:49:16","guid":{"rendered":"https:\/\/mancomun.gal\/a-universidade-de-zaragoza-proba-moodle\/"},"modified":"2023-05-09T17:12:50","modified_gmt":"2023-05-09T15:12:50","slug":"a-universidade-de-zaragoza-proba-moodle","status":"publish","type":"post","link":"https:\/\/mancomun.gal\/es\/a-universidade-de-zaragoza-proba-moodle\/","title":{"rendered":"A Universidade de Zaragoza proba  Moodle"},"content":{"rendered":"<p align=\"justify\" class=\"blog\"><a title=\"http:\/\/moodle.org\/\" target=\"_blank\" href=\"http:\/\/moodle.org\/\" rel=\"noopener\"><img loading=\"lazy\" decoding=\"async\" width=\"100\" vspace=\"10\" hspace=\"10\" height=\"30\" border=\"0\" align=\"left\" title=\"http:\/\/www.mancomun.org\/images\/stories\/moodlelogo.gif\" alt=\"http:\/\/www.mancomun.org\/images\/stories\/moodlelogo.gif\" src=\"https:\/\/mancomun.gal\/wp-content\/uploads\/2022\/09\/moodlelogo.gif\" \/><\/a> Dende hoxe, o persoal docente da <a title=\"http:\/\/www.unizar.es\/\" target=\"_blank\" href=\"http:\/\/www.unizar.es\/\" rel=\"noopener\">Universidade de Zaragoza<\/a> vai\u00a0 <a target=\"_blank\" href=\"http:\/\/moodle.unizar.es\/informacion\" rel=\"noopener\">dispo\u00f1er<\/a> da ferramenta de [[e-learning]] <a title=\"http:\/\/es.wikipedia.org\/wiki\/Moodle\" target=\"_blank\" href=\"http:\/\/es.wikipedia.org\/wiki\/Moodle\" rel=\"noopener\">Moodle<\/a> que \u00e9 un sistema de xesti\u00f3n de cursos libre que axuda aos educadores a crear comunidades de aprendizaxe en li\u00f1a. Deste xeito a Universidade de Zaragoza \u00fanese a outras universidades espa\u00f1olas que empregaban Moodle tales como <a title=\"http:\/\/aulavirtual.uji.es\/\" target=\"_blank\" href=\"http:\/\/aulavirtual.uji.es\/\" rel=\"noopener\">Jaume I<\/a>, <a title=\"https:\/\/atenea.upc.edu\/moodle\/login\/index.php?lang=es\" target=\"_blank\" href=\"https:\/\/atenea.upc.edu\/moodle\/login\/index.php?lang=es\" rel=\"noopener\">Polit\u00e8cnica de Catalunya<\/a>, <a title=\"http:\/\/moodle.ehu.es\/moodle\/\" target=\"_blank\" href=\"http:\/\/moodle.ehu.es\/moodle\/\" rel=\"noopener\">Pa\u00eds Vasco<\/a>, <a title=\"http:\/\/campusvirtual.unex.es\/zonauex\/avuex\/\" target=\"_blank\" href=\"http:\/\/campusvirtual.unex.es\/zonauex\/avuex\/\" rel=\"noopener\">Extremadura<\/a>, <a title=\"http:\/\/telepresencial.ulpgc.es\/moodle2\/\" target=\"_blank\" href=\"http:\/\/telepresencial.ulpgc.es\/moodle2\/\" rel=\"noopener\">Las Palmas<\/a>, <a title=\"https:\/\/moodle.uclm.es\/\" target=\"_blank\" href=\"https:\/\/moodle.uclm.es\/\" rel=\"noopener\">Castilla-La Mancha<\/a>, <a title=\"http:\/\/moodle.uca.es\/login\/index.php\" target=\"_blank\" href=\"http:\/\/moodle.uca.es\/login\/index.php\" rel=\"noopener\">C\u00e1diz<\/a> ou\u00a0 <a title=\"https:\/\/www.aulanet.uniovi.es\/\" target=\"_blank\" href=\"https:\/\/www.aulanet.uniovi.es\/\" rel=\"noopener\">Oviedo<\/a><\/p>\n<p align=\"justify\" class=\"blog\">Polo de agora esta mudanza vai ser experimental empreg\u00e1ndose xunto con WebCT&#8230;<\/p>\n<p><\/p>\n<p>Fonte:<br \/><a title=\"http:\/\/barrapunto.com\/article.pl?sid=07\/02\/15\/1141204&#038;from=rss\" target=\"_blank\" href=\"http:\/\/barrapunto.com\/article.pl?sid=07\/02\/15\/1141204&#038;from=rss\" rel=\"noopener\">http:\/\/barrapunto.com\/<\/a> <\/p>\n","protected":false},"excerpt":{"rendered":"<p align=\"justify\" class=\"blog\"><a title=\"http:\/\/moodle.org\/\" target=\"_blank\" href=\"http:\/\/moodle.org\/\" rel=\"noopener\"><img loading=\"lazy\" decoding=\"async\" width=\"100\" vspace=\"10\" hspace=\"10\" height=\"30\" border=\"0\" align=\"left\" title=\"http:\/\/www.mancomun.org\/images\/stories\/moodlelogo.gif\" alt=\"http:\/\/www.mancomun.org\/images\/stories\/moodlelogo.gif\" src=\"https:\/\/www.mancomun.gal\/wp-content\/uploads\/uploads\/pics\/stories\/moodlelogo.gif\" \/><\/a> Dende hoxe, o persoal docente da <a title=\"http:\/\/www.unizar.es\/\" target=\"_blank\" href=\"http:\/\/www.unizar.es\/\" rel=\"noopener\">Universidade de Zaragoza<\/a> vai\u00a0 <a target=\"_blank\" href=\"http:\/\/moodle.unizar.es\/informacion\" rel=\"noopener\">dispo\u00f1er<\/a> da ferramenta de [[e-learning]] <a title=\"http:\/\/es.wikipedia.org\/wiki\/Moodle\" target=\"_blank\" href=\"http:\/\/es.wikipedia.org\/wiki\/Moodle\" rel=\"noopener\">Moodle<\/a> que \u00e9 un sistema de xesti\u00f3n de cursos libre que axuda aos educadores a crear comunidades de aprendizaxe en li\u00f1a. Deste xeito a Universidade de Zaragoza \u00fanese a outras universidades espa\u00f1olas que empregaban Moodle tales como <a title=\"http:\/\/aulavirtual.uji.es\/\" target=\"_blank\" href=\"http:\/\/aulavirtual.uji.es\/\" rel=\"noopener\">Jaume I<\/a>, <a title=\"https:\/\/atenea.upc.edu\/moodle\/login\/index.php?lang=es\" target=\"_blank\" href=\"https:\/\/atenea.upc.edu\/moodle\/login\/index.php?lang=es\" rel=\"noopener\">Polit\u00e8cnica de Catalunya<\/a>, <a title=\"http:\/\/moodle.ehu.es\/moodle\/\" target=\"_blank\" href=\"http:\/\/moodle.ehu.es\/moodle\/\" rel=\"noopener\">Pa\u00eds Vasco<\/a>, <a title=\"http:\/\/campusvirtual.unex.es\/zonauex\/avuex\/\" target=\"_blank\" href=\"http:\/\/campusvirtual.unex.es\/zonauex\/avuex\/\" rel=\"noopener\">Extremadura<\/a>, <a title=\"http:\/\/telepresencial.ulpgc.es\/moodle2\/\" target=\"_blank\" href=\"http:\/\/telepresencial.ulpgc.es\/moodle2\/\" rel=\"noopener\">Las Palmas<\/a>, <a title=\"https:\/\/moodle.uclm.es\/\" target=\"_blank\" href=\"https:\/\/moodle.uclm.es\/\" rel=\"noopener\">Castilla-La Mancha<\/a>, <a title=\"http:\/\/moodle.uca.es\/login\/index.php\" target=\"_blank\" href=\"http:\/\/moodle.uca.es\/login\/index.php\" rel=\"noopener\">C\u00e1diz<\/a> ou\u00a0 <a title=\"https:\/\/www.aulanet.uniovi.es\/\" target=\"_blank\" href=\"https:\/\/www.aulanet.uniovi.es\/\" rel=\"noopener\">Oviedo<\/a><\/p>\n<p align=\"justify\" class=\"blog\">Polo de agora esta mudanza vai ser experimental empreg\u00e1ndose xunto con WebCT&#8230;<\/p>\n","protected":false},"author":5,"featured_media":220,"comment_status":"open","ping_status":"open","sticky":false,"template":"","format":"standard","meta":{"footnotes":""},"categories":[],"tags":[],"class_list":["post-35528","post","type-post","status-publish","format-standard","has-post-thumbnail","hentry"],"acf":[],"_links":{"self":[{"href":"https:\/\/mancomun.gal\/es\/wp-json\/wp\/v2\/posts\/35528","targetHints":{"allow":["GET"]}}],"collection":[{"href":"https:\/\/mancomun.gal\/es\/wp-json\/wp\/v2\/posts"}],"about":[{"href":"https:\/\/mancomun.gal\/es\/wp-json\/wp\/v2\/types\/post"}],"author":[{"embeddable":true,"href":"https:\/\/mancomun.gal\/es\/wp-json\/wp\/v2\/users\/5"}],"replies":[{"embeddable":true,"href":"https:\/\/mancomun.gal\/es\/wp-json\/wp\/v2\/comments?post=35528"}],"version-history":[{"count":1,"href":"https:\/\/mancomun.gal\/es\/wp-json\/wp\/v2\/posts\/35528\/revisions"}],"predecessor-version":[{"id":35529,"href":"https:\/\/mancomun.gal\/es\/wp-json\/wp\/v2\/posts\/35528\/revisions\/35529"}],"wp:featuredmedia":[{"embeddable":true,"href":"https:\/\/mancomun.gal\/es\/wp-json\/wp\/v2\/media\/220"}],"wp:attachment":[{"href":"https:\/\/mancomun.gal\/es\/wp-json\/wp\/v2\/media?parent=35528"}],"wp:term":[{"taxonomy":"category","embeddable":true,"href":"https:\/\/mancomun.gal\/es\/wp-json\/wp\/v2\/categories?post=35528"},{"taxonomy":"post_tag","embeddable":true,"href":"https:\/\/mancomun.gal\/es\/wp-json\/wp\/v2\/tags?post=35528"}],"curies":[{"name":"wp","href":"https:\/\/api.w.org\/{rel}","templated":true}]}}